{"id":13265,"date":"2014-02-21T15:58:44","date_gmt":"2014-02-21T15:58:44","guid":{"rendered":"http:\/\/www.fg.ull.es\/?p=13265"},"modified":"2014-02-21T15:58:44","modified_gmt":"2014-02-21T15:58:44","slug":"notificacion-convocatoria-de-beca-formativa-de-investigacion-con-cargo-al-proyecto-evaluacion-del-profesorado-docentia-ull","status":"publish","type":"post","link":"https:\/\/fg.ull.es\/hemeroteca\/2014\/02\/21\/notificacion-convocatoria-de-beca-formativa-de-investigacion-con-cargo-al-proyecto-evaluacion-del-profesorado-docentia-ull\/","title":{"rendered":"Notificaci\u00f3n: convocatoria de beca formativa de investigaci\u00f3n con cargo al proyecto &#039;Evaluaci\u00f3n del profesorado docentia-ull&#039;"},"content":{"rendered":"<p style='text-align: justify'><span style='text-align: justify'>La comisi&oacute;n de selecci&oacute;n da tr&aacute;mite a las alegaciones presentadas al proceso de la convocatoria para la concesi&oacute;n de una beca formativa de investigaci&oacute;n con cargo al proyecto<\/span><em> &#8216;Evaluaci&oacute;n del profesorado docentia-ull: recogida, introducci&oacute;n, categorizaci&oacute;n, y an&aacute;lisis preliminares de indicadores de satisfacci&oacute;n&#8217;<\/em><span style='text-align: justify'> gestionado por la Fundaci&oacute;n Canaria General de la Universidad de La Laguna.<\/span><\/p>\n<p>&nbsp;<\/p>\n<p>&nbsp;<\/p>\n<p><\/p>\n<p style='text-align: justify'><span style='text-align: justify'>Recibidas alegaciones en relaci&oacute;n a la convocatoria para la concesi&oacute;n de una beca formativa de investigaci&oacute;n con cargo al proyecto <\/span><em>&#8216;Evaluaci&oacute;n del profesorado docentia-ull: recogida, introducci&oacute;n, categorizaci&oacute;n, y an&aacute;lisis preliminares de indicadores de satisfacci&oacute;n&#8217;<\/em><span style='text-align: justify'>, la comisi&oacute;n de selecci&oacute;n, reunida en sesi&oacute;n extraordinaria, y en atenci&oacute;n a lo expuesto en las mismas, observa deficiencias en el baremo enumerado en la convocatoria y conforme a esto, resuelve anular y dejar sin efecto el proceso selectivo iniciado seg&uacute;n las bases espec&iacute;ficas de la citada convocatoria.<\/span><\/p>\n<p>&nbsp;<\/p>\n<p>&nbsp;<\/p>\n","protected":false},"excerpt":{"rendered":"<p style='text-align: justify'><span style='text-align: justify'>La comisi&oacute;n de selecci&oacute;n da tr&aacute;mite a las alegaciones presentadas al proceso de la convocatoria para la concesi&oacute;n de una beca formativa de investigaci&oacute;n con cargo al proyecto<\/span><em> &#8216;Evaluaci&oacute;n del profesorado docentia-ull: recogida, introducci&oacute;n, categorizaci&oacute;n, y an&aacute;lisis preliminares de indicadores de satisfacci&oacute;n&#8217;<\/em><span style='text-align: justify'> gestionado por la Fundaci&oacute;n Canaria General de la Universidad de La Laguna.<\/span><\/p>\n<p>&nbsp;<\/p>\n<p>&nbsp;<\/p>\n","protected":false},"author":36,"featured_media":0,"comment_status":"closed","ping_status":"open","sticky":false,"template":"","format":"standard","meta":{"footnotes":""},"categories":[6],"tags":[173],"featured_image_thumbnail_url":null,"_links":{"self":[{"href":"https:\/\/fg.ull.es\/hemeroteca\/wp-json\/wp\/v2\/posts\/13265"}],"collection":[{"href":"https:\/\/fg.ull.es\/hemeroteca\/wp-json\/wp\/v2\/posts"}],"about":[{"href":"https:\/\/fg.ull.es\/hemeroteca\/wp-json\/wp\/v2\/types\/post"}],"author":[{"embeddable":true,"href":"https:\/\/fg.ull.es\/hemeroteca\/wp-json\/wp\/v2\/users\/36"}],"replies":[{"embeddable":true,"href":"https:\/\/fg.ull.es\/hemeroteca\/wp-json\/wp\/v2\/comments?post=13265"}],"version-history":[{"count":0,"href":"https:\/\/fg.ull.es\/hemeroteca\/wp-json\/wp\/v2\/posts\/13265\/revisions"}],"wp:attachment":[{"href":"https:\/\/fg.ull.es\/hemeroteca\/wp-json\/wp\/v2\/media?parent=13265"}],"wp:term":[{"taxonomy":"category","embeddable":true,"href":"https:\/\/fg.ull.es\/hemeroteca\/wp-json\/wp\/v2\/categories?post=13265"},{"taxonomy":"post_tag","embeddable":true,"href":"https:\/\/fg.ull.es\/hemeroteca\/wp-json\/wp\/v2\/tags?post=13265"}],"curies":[{"name":"wp","href":"https:\/\/api.w.org\/{rel}","templated":true}]}}