{"id":13058,"date":"2014-01-28T12:54:33","date_gmt":"2014-01-28T12:54:33","guid":{"rendered":"http:\/\/www.fg.ull.es\/?p=13058"},"modified":"2014-01-28T12:54:33","modified_gmt":"2014-01-28T12:54:33","slug":"el-taller-de-iniciativas-empresariales-tie-cierra-manana-su-periodo-de-matricula","status":"publish","type":"post","link":"https:\/\/fg.ull.es\/hemeroteca\/2014\/01\/28\/el-taller-de-iniciativas-empresariales-tie-cierra-manana-su-periodo-de-matricula\/","title":{"rendered":"El Taller de Iniciativas Empresariales (TIE) cierra ma\u00f1ana su per\u00edodo de matr\u00edcula"},"content":{"rendered":"<p style='text-align: justify'>La sexta edici\u00f3n de esta actividad formativa gratuita, que se celebrar\u00e1 desde el 30 de enero hasta el 16 de mayo, est\u00e1 enfocada al fomento de la iniciativa emprendedora entre la juventud universitaria.<\/p>\n<p><\/p>\n<p style='text-align: justify'>El Taller de Iniciativas Empresariales (TIE), que dar\u00e1 comienzo el pr\u00f3ximo jueves, cierra ma\u00f1ana d\u00eda 29 de enero su per\u00edodo de matr\u00edcula para su sexta edici\u00f3n. La acci\u00f3n de Emprende.ull, una de las m\u00e1s consolidadas por la unidad de fomento del emprendimiento del \u00c1rea de Empleo de la Fundaci\u00f3n General Universidad de La Laguna, est\u00e1 enfocada a estudiantes y titulados de la ULL con clara vocaci\u00f3n emprendedora y tiene como objetivo el aprendizaje de forma pr\u00e1ctica las claves para iniciar un proyecto empresarial.<\/p>\n<p style='text-align: justify'>La formaci\u00f3n es totalmente gratuita y las personas participantes recibir\u00e1n orientaci\u00f3n con el fin de realizar un modelo y plan de negocio para su idea emprendedora. El taller se celebrar\u00e1 hasta el pr\u00f3ximo 16 de mayo y estar\u00e1 compuesto por diferentes sesiones y tutorizaciones personalizadas. Asimismo, la acci\u00f3n contar\u00e1 con la participaci\u00f3n de profesionales y empresarios\/as de reconocido prestigio, que aportar\u00e1n a las personas asistentes una visi\u00f3n m\u00e1s cercana mediante experiencias y conocimientos personales.<\/p>\n<p style='text-align: justify'>El TIE est\u00e1 financiado por el Servicio Canario de Empleo del Gobierno de Canarias\u00a0 e impulsado por la Fundaci\u00f3n General de la Universidad de La Laguna (FGULL) y la propia ULL.<\/p>\n<p style='text-align: justify'>Las personas interesadas en participar en el taller podr\u00e1n preinscribirse hasta ma\u00f1ana a trav\u00e9s del siguiente <a href='https:\/\/sede.fg.ull.es\/es\/emprendimiento\/detalle\/a14040003\/taller-de-iniciativas-empresariales-tie-2014'>enlace<\/a>.<\/p>\n<p><strong>\u00bfQuieres leer el folleto informativo?\u00a0<a href='..\/..\/public\/docs\/1048_av_flyer_100x200_tie_1.pdf'>Hazlo aqu\u00ed<\/a>.\u00a0<\/strong><\/p>\n<div><strong><br \/><\/strong><\/div>\n","protected":false},"excerpt":{"rendered":"<p style='text-align: justify'>La sexta edici\u00f3n de esta actividad formativa gratuita, que se celebrar\u00e1 desde el 30 de enero hasta el 16 de mayo, est\u00e1 enfocada al fomento de la iniciativa emprendedora entre la juventud universitaria.<\/p>\n","protected":false},"author":36,"featured_media":13057,"comment_status":"closed","ping_status":"open","sticky":false,"template":"","format":"standard","meta":{"footnotes":""},"categories":[3],"tags":[173,533,672],"featured_image_thumbnail_url":"https:\/\/fg.ull.es\/hemeroteca\/wp-content\/uploads\/sites\/14\/2015\/04\/1815_iz_taller_de_iniciativas_empresarialesjpg-300x169.jpg","_links":{"self":[{"href":"https:\/\/fg.ull.es\/hemeroteca\/wp-json\/wp\/v2\/posts\/13058"}],"collection":[{"href":"https:\/\/fg.ull.es\/hemeroteca\/wp-json\/wp\/v2\/posts"}],"about":[{"href":"https:\/\/fg.ull.es\/hemeroteca\/wp-json\/wp\/v2\/types\/post"}],"author":[{"embeddable":true,"href":"https:\/\/fg.ull.es\/hemeroteca\/wp-json\/wp\/v2\/users\/36"}],"replies":[{"embeddable":true,"href":"https:\/\/fg.ull.es\/hemeroteca\/wp-json\/wp\/v2\/comments?post=13058"}],"version-history":[{"count":0,"href":"https:\/\/fg.ull.es\/hemeroteca\/wp-json\/wp\/v2\/posts\/13058\/revisions"}],"wp:featuredmedia":[{"embeddable":true,"href":"https:\/\/fg.ull.es\/hemeroteca\/wp-json\/wp\/v2\/media\/13057"}],"wp:attachment":[{"href":"https:\/\/fg.ull.es\/hemeroteca\/wp-json\/wp\/v2\/media?parent=13058"}],"wp:term":[{"taxonomy":"category","embeddable":true,"href":"https:\/\/fg.ull.es\/hemeroteca\/wp-json\/wp\/v2\/categories?post=13058"},{"taxonomy":"post_tag","embeddable":true,"href":"https:\/\/fg.ull.es\/hemeroteca\/wp-json\/wp\/v2\/tags?post=13058"}],"curies":[{"name":"wp","href":"https:\/\/api.w.org\/{rel}","templated":true}]}}