{"id":12230,"date":"2013-09-25T11:14:24","date_gmt":"2013-09-25T11:14:24","guid":{"rendered":"http:\/\/www.fg.ull.es\/?p=12230"},"modified":"2013-09-25T11:14:24","modified_gmt":"2013-09-25T11:14:24","slug":"la-primera-sesion-de-las-jolc-tuvo-lugar-ayer-en-las-facultades-de-fisica-y-matematicas","status":"publish","type":"post","link":"https:\/\/fg.ull.es\/hemeroteca\/2013\/09\/25\/la-primera-sesion-de-las-jolc-tuvo-lugar-ayer-en-las-facultades-de-fisica-y-matematicas\/","title":{"rendered":"La primera sesi\u00f3n de las JOLC tuvo lugar ayer en las facultades de F\u00edsica y Matem\u00e1ticas"},"content":{"rendered":"<p style='text-align: justify'>La primera sesi&oacute;n, de aproximadamente una hora y media de duraci&oacute;n, se celebr&oacute; en el Aula Magna de las facultades de F&iacute;sica y Matem&aacute;ticas y cont&oacute; con la participaci&oacute;n de casi cincuenta personas.&nbsp;<\/p>\n<p><\/p>\n<p style='text-align: justify'>La primera de tres sesiones de las Jornadas de Orientaci&oacute;n Laboral por Campus (JOLC) tuvo lugar ayer 24 de septiembre en el Aula Magna de las facultades de F&iacute;sica y Matem&aacute;ticas de la Universidad de La Laguna. A la sesi&oacute;n, de aproximadamente una hora y media de duraci&oacute;n, asistieron casi 50 personas a las que se les presentaron las diferentes &aacute;reas de la FGULL y con ellas la oferta de Posgrados, Expertos, Servicio de Idiomas, Becas y Pr&aacute;cticas de Inserci&oacute;n Laboral, Becas de Movilidad, el Programa Emprende.ull, el Programa Itinera y sus servicios de orientaci&oacute;n laboral o el proyecto Ideas para proyectos fin de grado, entre otros.<\/p>\n<p style='text-align: justify'>Las jornadas est&aacute;n organizadas por el &aacute;rea de empleo de la Fundaci&oacute;n, a trav&eacute;s de la Unidad de Emprendimiento, proyecto cofinanciado por el Servicio Canario de Empleo y el Ministerio de Empleo y Seguridad Social, dentro del marco del Plan Universitario de Empleo (2012-2013) y gestionado por la Fundaci&oacute;n General Universidad de La Laguna con la colaboraci&oacute;n de la Universidad de La Laguna; y por los Planes de Orientaci&oacute;n y Acci&oacute;n Tutorial (POAT) de la ULL.<\/p>\n","protected":false},"excerpt":{"rendered":"<p style='text-align: justify'>La primera sesi&oacute;n, de aproximadamente una hora y media de duraci&oacute;n, se celebr&oacute; en el Aula Magna de las facultades de F&iacute;sica y Matem&aacute;ticas y cont&oacute; con la participaci&oacute;n de casi cincuenta personas.&nbsp;<\/p>\n","protected":false},"author":36,"featured_media":12229,"comment_status":"closed","ping_status":"open","sticky":false,"template":"","format":"standard","meta":{"footnotes":""},"categories":[3,5,6],"tags":[173,518,541,671,672,1187,1424],"featured_image_thumbnail_url":"https:\/\/fg.ull.es\/hemeroteca\/wp-content\/uploads\/sites\/14\/2015\/04\/1545_ge_dsc_0009-300x201.jpg","_links":{"self":[{"href":"https:\/\/fg.ull.es\/hemeroteca\/wp-json\/wp\/v2\/posts\/12230"}],"collection":[{"href":"https:\/\/fg.ull.es\/hemeroteca\/wp-json\/wp\/v2\/posts"}],"about":[{"href":"https:\/\/fg.ull.es\/hemeroteca\/wp-json\/wp\/v2\/types\/post"}],"author":[{"embeddable":true,"href":"https:\/\/fg.ull.es\/hemeroteca\/wp-json\/wp\/v2\/users\/36"}],"replies":[{"embeddable":true,"href":"https:\/\/fg.ull.es\/hemeroteca\/wp-json\/wp\/v2\/comments?post=12230"}],"version-history":[{"count":0,"href":"https:\/\/fg.ull.es\/hemeroteca\/wp-json\/wp\/v2\/posts\/12230\/revisions"}],"wp:featuredmedia":[{"embeddable":true,"href":"https:\/\/fg.ull.es\/hemeroteca\/wp-json\/wp\/v2\/media\/12229"}],"wp:attachment":[{"href":"https:\/\/fg.ull.es\/hemeroteca\/wp-json\/wp\/v2\/media?parent=12230"}],"wp:term":[{"taxonomy":"category","embeddable":true,"href":"https:\/\/fg.ull.es\/hemeroteca\/wp-json\/wp\/v2\/categories?post=12230"},{"taxonomy":"post_tag","embeddable":true,"href":"https:\/\/fg.ull.es\/hemeroteca\/wp-json\/wp\/v2\/tags?post=12230"}],"curies":[{"name":"wp","href":"https:\/\/api.w.org\/{rel}","templated":true}]}}