{"id":11784,"date":"2013-06-25T13:38:37","date_gmt":"2013-06-25T13:38:37","guid":{"rendered":"http:\/\/www.fg.ull.es\/?p=11784"},"modified":"2013-06-25T13:38:37","modified_gmt":"2013-06-25T13:38:37","slug":"proximos-cursos-de-certificacion-energetica-con-un-nivel-inicial-y-avanzado","status":"publish","type":"post","link":"https:\/\/fg.ull.es\/hemeroteca\/2013\/06\/25\/proximos-cursos-de-certificacion-energetica-con-un-nivel-inicial-y-avanzado\/","title":{"rendered":"Pr\u00f3ximos cursos de &#039;Certificaci\u00f3n Energ\u00e9tica&#039; con un nivel inicial y avanzado"},"content":{"rendered":"<p>Durante el mes de julio se realizar&aacute;n tres ediciones de estos cursos, una correspondiente a su nivel inicial y dos para un nivel m&aacute;s avanzado. Esta formaci&oacute;n responde a la reciente activaci&oacute;n de la certificaci&oacute;n energ&eacute;tica obligatoria para edificios en venta o alquiler.<\/p>\n<p>&nbsp;<\/p>\n<p><\/p>\n<p>En los pr&oacute;ximos d&iacute;as arrancar&aacute;n nuevas ediciones de esta formaci&oacute;n,  plante&aacute;ndose un nivel inicial y otro m&aacute;s avanzado. Con estos cursos se  forma al alumnado para evaluar el cumplimiento de la limitaci&oacute;n de  demanda energ&eacute;tica de los edificios de nueva construcci&oacute;n o  rehabilitaci&oacute;n. Las personas que participen obtendr&aacute;n una perspectiva de  las competencias necesarias para realizar la certificaci&oacute;n de la  eficiencia energ&eacute;tica de los edificios, y preparar a los profesionales  del sector para hacer frente a las circunstancias que plantea la nueva  exigencia normativa.<\/p>\n<p>El curso `Certificaci&oacute;n Energ&eacute;tica I&acute; se realizar&aacute; desde el d&iacute;a 15 hasta el 17 de julio, en horario de ma&ntilde;ana.<\/p>\n<p>Por su parte del curso `Certificaci&oacute;n Energ&eacute;tica II&acute; se desarrollar&aacute;n  dos ediciones: la primera tendr&aacute; lugar del 8 al 12 de julio en horario  de tarde &nbsp;y la segunda del 22 al 26 de julio en horario de ma&ntilde;ana.<\/p>\n<p>Con una duraci&oacute;n de 20 horas, todos tienen un coste de 120 euros para  el p&uacute;blico general y de 90 para alumnado de la ULL y estudiantes de  Formaci&oacute;n profesional.<\/p>\n<p>La certificaci&oacute;n energ&eacute;tica obligatoria para las edificaciones en  venta o en alquiler por periodos superiores a cuatro meses se hac&iacute;a  efectiva el pasado 1 de junio (Real Decreto 235\/2013). Esta medida se  toma para promover el ahorro energ&eacute;tico en las viviendas y, seg&uacute;n el  Ministerio de Industria,&nbsp; provocar&aacute; un ahorro anual de 32.000 toneladas  equivalentes de petr&oacute;leo (tep).<\/p>\n<p>La norma afecta a los edificios de nueva construcci&oacute;n y a aquellos  existentes que se vendan o alquilen, salvo los edificios  hist&oacute;rico-art&iacute;sticos, lugares de culto y viviendas temporales con un uso  inferior a cuatro meses al a&ntilde;o. Ser&aacute;n las comunidades aut&oacute;nomas las que  establezcan el registro de los certificados. El certificado tendr&aacute; una  validez de diez a&ntilde;os y diferenciar&aacute; la calificaci&oacute;n con letras de la A a  la G, para consumo de energ&iacute;a primaria y emisiones de CO2.<\/p>\n<p>&nbsp;<\/p>\n<p><a href='https:\/\/sede.fg.ull.es\/es\/curso\/detalle\/a13030211\/certificacion-energetica-ii'>(M&aacute;s informaci&oacute;n y matr&iacute;cula)<\/a><\/p>\n","protected":false},"excerpt":{"rendered":"<p>Durante el mes de julio se realizar&aacute;n tres ediciones de estos cursos, una correspondiente a su nivel inicial y dos para un nivel m&aacute;s avanzado. Esta formaci&oacute;n responde a la reciente activaci&oacute;n de la certificaci&oacute;n energ&eacute;tica obligatoria para edificios en venta o alquiler.<\/p>\n<p>&nbsp;<\/p>\n","protected":false},"author":36,"featured_media":11783,"comment_status":"closed","ping_status":"open","sticky":false,"template":"","format":"standard","meta":{"footnotes":""},"categories":[5],"tags":[173],"featured_image_thumbnail_url":"https:\/\/fg.ull.es\/hemeroteca\/wp-content\/uploads\/sites\/14\/2015\/04\/1388_io_pantalla_1280x720_1-300x169.jpg","_links":{"self":[{"href":"https:\/\/fg.ull.es\/hemeroteca\/wp-json\/wp\/v2\/posts\/11784"}],"collection":[{"href":"https:\/\/fg.ull.es\/hemeroteca\/wp-json\/wp\/v2\/posts"}],"about":[{"href":"https:\/\/fg.ull.es\/hemeroteca\/wp-json\/wp\/v2\/types\/post"}],"author":[{"embeddable":true,"href":"https:\/\/fg.ull.es\/hemeroteca\/wp-json\/wp\/v2\/users\/36"}],"replies":[{"embeddable":true,"href":"https:\/\/fg.ull.es\/hemeroteca\/wp-json\/wp\/v2\/comments?post=11784"}],"version-history":[{"count":0,"href":"https:\/\/fg.ull.es\/hemeroteca\/wp-json\/wp\/v2\/posts\/11784\/revisions"}],"wp:featuredmedia":[{"embeddable":true,"href":"https:\/\/fg.ull.es\/hemeroteca\/wp-json\/wp\/v2\/media\/11783"}],"wp:attachment":[{"href":"https:\/\/fg.ull.es\/hemeroteca\/wp-json\/wp\/v2\/media?parent=11784"}],"wp:term":[{"taxonomy":"category","embeddable":true,"href":"https:\/\/fg.ull.es\/hemeroteca\/wp-json\/wp\/v2\/categories?post=11784"},{"taxonomy":"post_tag","embeddable":true,"href":"https:\/\/fg.ull.es\/hemeroteca\/wp-json\/wp\/v2\/tags?post=11784"}],"curies":[{"name":"wp","href":"https:\/\/api.w.org\/{rel}","templated":true}]}}