{"id":11775,"date":"2013-06-25T20:05:13","date_gmt":"2013-06-25T20:05:13","guid":{"rendered":"http:\/\/www.fg.ull.es\/?p=11775"},"modified":"2013-06-25T20:05:13","modified_gmt":"2013-06-25T20:05:13","slug":"ultimos-dias-de-matricula-para-los-cursos-de-introduccion-a-la-lengua-de-signos-espanola-lse","status":"publish","type":"post","link":"https:\/\/fg.ull.es\/hemeroteca\/2013\/06\/25\/ultimos-dias-de-matricula-para-los-cursos-de-introduccion-a-la-lengua-de-signos-espanola-lse\/","title":{"rendered":"\u00daltimos d\u00edas de matr\u00edcula para los cursos de Introducci\u00f3n a la Lengua de Signos Espa\u00f1ola (LSE)"},"content":{"rendered":"<p>Las personas interesadas en iniciarse en este sistema de comunicaci&oacute;n con las personas sordas podr&aacute;n hacerlo de forma amena y pr&aacute;ctica en los cursos que se desarrollar&aacute;n durante el mes de julio.<\/p>\n<p>&nbsp;<\/p>\n<p><\/p>\n<p>En los pr&oacute;ximos d&iacute;as se cerrar&aacute; el plazo de matr&iacute;cula para los cursos  de Lengua de Signos que comenzar&aacute;n a desarrollarse a principios del mes  de julio. Se trata de dos cursos de 20 horas&nbsp; que se celebrar&aacute;n del 1  al 24 de julio.<\/p>\n<p>Se realizar&aacute;n los lunes y mi&eacute;rcoles, en dos grupos:<\/p>\n<p>&#8211; de ma&ntilde;ana, de 11 a 13:30 horas.<\/p>\n<p>&#8211; de tarde, de 16 a 18:30 horas.<\/p>\n<p><a href='https:\/\/sede.fg.ull.es\/es\/idioma'>(M&aacute;s informaci&oacute;n y matr&iacute;cula aqu&iacute;)<\/a><\/p>\n<p>Cada curso tiene un coste de 100 euros para el alumnado general y de 80 euros comunidad universitaria ULL<\/p>\n<p>El Servicio de Idiomas de la Universidad de La Laguna incorpor&oacute; la  Lengua de Signos Espa&ntilde;ola hace unos meses como parte de su servicio  educativo. La lengua de signos espa&ntilde;ola, LSE, es la lengua gestual que  utilizan principalmente las personas sordas espa&ntilde;olas y personas que  viven o se relacionan con ellas. Se estima que cuenta con m&aacute;s de 100.000  usuarios. En Espa&ntilde;a la Ley 27\/2007, de 23 de octubre reconoce las  lenguas de signos espa&ntilde;olas y regula los medios de apoyo a la  comunicaci&oacute;n oral de las personas sordas, con discapacidad auditiva.<\/p>\n","protected":false},"excerpt":{"rendered":"<p>Las personas interesadas en iniciarse en este sistema de comunicaci&oacute;n con las personas sordas podr&aacute;n hacerlo de forma amena y pr&aacute;ctica en los cursos que se desarrollar&aacute;n durante el mes de julio.<\/p>\n<p>&nbsp;<\/p>\n","protected":false},"author":36,"featured_media":11774,"comment_status":"closed","ping_status":"open","sticky":false,"template":"","format":"standard","meta":{"footnotes":""},"categories":[5],"tags":[173,425,672,1424],"featured_image_thumbnail_url":"https:\/\/fg.ull.es\/hemeroteca\/wp-content\/uploads\/sites\/14\/2015\/04\/1389_ns_bannerlse_956x245pxwebok-300x77.jpg","_links":{"self":[{"href":"https:\/\/fg.ull.es\/hemeroteca\/wp-json\/wp\/v2\/posts\/11775"}],"collection":[{"href":"https:\/\/fg.ull.es\/hemeroteca\/wp-json\/wp\/v2\/posts"}],"about":[{"href":"https:\/\/fg.ull.es\/hemeroteca\/wp-json\/wp\/v2\/types\/post"}],"author":[{"embeddable":true,"href":"https:\/\/fg.ull.es\/hemeroteca\/wp-json\/wp\/v2\/users\/36"}],"replies":[{"embeddable":true,"href":"https:\/\/fg.ull.es\/hemeroteca\/wp-json\/wp\/v2\/comments?post=11775"}],"version-history":[{"count":0,"href":"https:\/\/fg.ull.es\/hemeroteca\/wp-json\/wp\/v2\/posts\/11775\/revisions"}],"wp:featuredmedia":[{"embeddable":true,"href":"https:\/\/fg.ull.es\/hemeroteca\/wp-json\/wp\/v2\/media\/11774"}],"wp:attachment":[{"href":"https:\/\/fg.ull.es\/hemeroteca\/wp-json\/wp\/v2\/media?parent=11775"}],"wp:term":[{"taxonomy":"category","embeddable":true,"href":"https:\/\/fg.ull.es\/hemeroteca\/wp-json\/wp\/v2\/categories?post=11775"},{"taxonomy":"post_tag","embeddable":true,"href":"https:\/\/fg.ull.es\/hemeroteca\/wp-json\/wp\/v2\/tags?post=11775"}],"curies":[{"name":"wp","href":"https:\/\/api.w.org\/{rel}","templated":true}]}}