{"id":11435,"date":"2013-04-30T10:55:41","date_gmt":"2013-04-30T10:55:41","guid":{"rendered":"http:\/\/www.fg.ull.es\/?p=11435"},"modified":"2013-04-30T10:55:41","modified_gmt":"2013-04-30T10:55:41","slug":"listado-definitivo-de-seleccion-de-una-gestora-junior-en-el-area-de-formacion","status":"publish","type":"post","link":"https:\/\/fg.ull.es\/hemeroteca\/2013\/04\/30\/listado-definitivo-de-seleccion-de-una-gestora-junior-en-el-area-de-formacion\/","title":{"rendered":"Listado definitivo de selecci\u00f3n de un\/a gestor\/a junior en el \u00c1rea de Formaci\u00f3n"},"content":{"rendered":"<p>Finalizado proceso de selecci\u00f3n de un\/a gestor\/a junior a tiempo parcial para el desarrollo de acciones en el municipio de Adeje en el contexto del \u00e1rea de formaci\u00f3n.<\/p>\n<p style='text-align: justify'>Finalizado el periodo de entrevistas, se hace p&uacute;blico el listado definitivo de aceptados\/as &nbsp;con la calificaci&oacute;n de la entrevista, en el que se especifica la persona que accede a la plaza ofertada, as&iacute; como reservas y excluidos\/as del proceso de selecci&oacute;n de personal para cubrir una plaza en el &aacute;rea de formaci&oacute;n de la Fundaci&oacute;n Canaria General de la Universidad de La Laguna, con perfil gestor\/a junior, para el municipio de Adeje.<\/p>\n<p style='text-align: justify'>(<a href='..\/..\/public\/docs\/754_wf_listado_definitivo.pdf' target='_blank' rel=\"noopener noreferrer\">Consulta listado aqu&iacute;<\/a>)<\/p>\n<p style='text-align: justify'>&nbsp;<\/p>\n","protected":false},"excerpt":{"rendered":"<p>Finalizado proceso de selecci\u00f3n de un\/a gestor\/a junior a tiempo parcial para el desarrollo de acciones en el municipio de Adeje en el contexto del \u00e1rea de formaci\u00f3n.<\/p>\n","protected":false},"author":36,"featured_media":0,"comment_status":"closed","ping_status":"open","sticky":false,"template":"","format":"standard","meta":{"footnotes":""},"categories":[5],"tags":[173],"featured_image_thumbnail_url":null,"_links":{"self":[{"href":"https:\/\/fg.ull.es\/hemeroteca\/wp-json\/wp\/v2\/posts\/11435"}],"collection":[{"href":"https:\/\/fg.ull.es\/hemeroteca\/wp-json\/wp\/v2\/posts"}],"about":[{"href":"https:\/\/fg.ull.es\/hemeroteca\/wp-json\/wp\/v2\/types\/post"}],"author":[{"embeddable":true,"href":"https:\/\/fg.ull.es\/hemeroteca\/wp-json\/wp\/v2\/users\/36"}],"replies":[{"embeddable":true,"href":"https:\/\/fg.ull.es\/hemeroteca\/wp-json\/wp\/v2\/comments?post=11435"}],"version-history":[{"count":0,"href":"https:\/\/fg.ull.es\/hemeroteca\/wp-json\/wp\/v2\/posts\/11435\/revisions"}],"wp:attachment":[{"href":"https:\/\/fg.ull.es\/hemeroteca\/wp-json\/wp\/v2\/media?parent=11435"}],"wp:term":[{"taxonomy":"category","embeddable":true,"href":"https:\/\/fg.ull.es\/hemeroteca\/wp-json\/wp\/v2\/categories?post=11435"},{"taxonomy":"post_tag","embeddable":true,"href":"https:\/\/fg.ull.es\/hemeroteca\/wp-json\/wp\/v2\/tags?post=11435"}],"curies":[{"name":"wp","href":"https:\/\/api.w.org\/{rel}","templated":true}]}}