{"id":11286,"date":"2013-04-01T10:16:03","date_gmt":"2013-04-01T10:16:03","guid":{"rendered":"http:\/\/www.fg.ull.es\/?p=11286"},"modified":"2013-04-01T10:16:03","modified_gmt":"2013-04-01T10:16:03","slug":"el-programa-ideas-vuelve-a-las-aulas-para-recopilar-las-mejores-aportaciones-de-los-proyectos-de-fin-de-carrera-grado-o-master","status":"publish","type":"post","link":"https:\/\/fg.ull.es\/hemeroteca\/2013\/04\/01\/el-programa-ideas-vuelve-a-las-aulas-para-recopilar-las-mejores-aportaciones-de-los-proyectos-de-fin-de-carrera-grado-o-master\/","title":{"rendered":"El Programa Ideas vuelve a las aulas para recopilar las mejores aportaciones de los proyectos de fin de carrera, grado o m\u00e1ster"},"content":{"rendered":"<p>A partir del mes de abril, se comenzar\u00e1 con el trabajo en las aulas para fomentar la participaci\u00f3n en este proyecto.<\/p>\n<p>El programa para la Dinamizaci&oacute;n y Promoci&oacute;n de los Proyectos Fin de  Carrera, Grado o M&aacute;ster con perfil emprendedor generados en la  Universidad de La Laguna, IDEAS 2012-2013, ofrece la oportunidad de  promocionar el proyecto del alumnado m&aacute;s all&aacute; del &aacute;mbito acad&eacute;mico  permitiendo adem&aacute;s evaluar el potencial comercial del mismo.<\/p>\n<p style='text-align: justify'>El programa pretende  valorizar al talento de los j&oacute;venes de la Universidad de La  Laguna, y orientar sus proyectos a una potencial oportunidad de negocio.  Para esto, los proyectos que se sumen a la iniciativa obtendr&aacute;n desde  una asistencia personalizada que permitir&aacute; valorizar tu idea hasta la  promoci&oacute;n de tu proyecto en diversos canales de comunicaci&oacute;n y la  participaci&oacute;n en talleres de mentor&iacute;a empresarial y en un concurso que  premiar&aacute; las tres mejores ideas de proyectos.<\/p>\n<p style='text-align: justify'>As&iacute;, y durante el mes de abril, se continuar&aacute; con la difusi&oacute;n del <em>Proyecto Ideas <\/em>entre el alumnado de los diferentes estudios de la  Universidad de La Laguna y de los egresados que han presentado su  proyecto preferentemente en las dos &uacute;ltimas anualidades.<br \/> Las personas interesadas en participar&nbsp; en el programa, s&oacute;lo tendr&aacute;n que acceder <a href='http:\/\/www.proyectoideas.feull.org' target='_blank' rel=\"noopener noreferrer\"><strong>a esta web<\/strong><\/a> y relatar su idea de proyecto.<\/p>\n<p style='text-align: justify'>El Programa para la Dinamizaci&oacute;n y Promoci&oacute;n de los Proyectos Fin de  Carrera, Grado o M&aacute;ster con perfil emprendedor generados en la  Universidad de La Laguna&nbsp; refleja el compromiso interinstitucional con  la comunidad universitaria y es posible gracias a la financiaci&oacute;n del  &Aacute;rea de Acci&oacute;n Social, Educaci&oacute;n, Juventud, Igualdad, Cultura y Deportes  del Excmo. Cabildo Insular de Tenerife.<\/p>\n","protected":false},"excerpt":{"rendered":"<p>A partir del mes de abril, se comenzar\u00e1 con el trabajo en las aulas para fomentar la participaci\u00f3n en este proyecto.<\/p>\n","protected":false},"author":36,"featured_media":11285,"comment_status":"closed","ping_status":"open","sticky":false,"template":"","format":"standard","meta":{"footnotes":""},"categories":[8],"tags":[173,541,821,1187],"featured_image_thumbnail_url":"https:\/\/fg.ull.es\/hemeroteca\/wp-content\/uploads\/sites\/14\/2015\/04\/1231_g8_p_ideas-212x300.jpg","_links":{"self":[{"href":"https:\/\/fg.ull.es\/hemeroteca\/wp-json\/wp\/v2\/posts\/11286"}],"collection":[{"href":"https:\/\/fg.ull.es\/hemeroteca\/wp-json\/wp\/v2\/posts"}],"about":[{"href":"https:\/\/fg.ull.es\/hemeroteca\/wp-json\/wp\/v2\/types\/post"}],"author":[{"embeddable":true,"href":"https:\/\/fg.ull.es\/hemeroteca\/wp-json\/wp\/v2\/users\/36"}],"replies":[{"embeddable":true,"href":"https:\/\/fg.ull.es\/hemeroteca\/wp-json\/wp\/v2\/comments?post=11286"}],"version-history":[{"count":0,"href":"https:\/\/fg.ull.es\/hemeroteca\/wp-json\/wp\/v2\/posts\/11286\/revisions"}],"wp:featuredmedia":[{"embeddable":true,"href":"https:\/\/fg.ull.es\/hemeroteca\/wp-json\/wp\/v2\/media\/11285"}],"wp:attachment":[{"href":"https:\/\/fg.ull.es\/hemeroteca\/wp-json\/wp\/v2\/media?parent=11286"}],"wp:term":[{"taxonomy":"category","embeddable":true,"href":"https:\/\/fg.ull.es\/hemeroteca\/wp-json\/wp\/v2\/categories?post=11286"},{"taxonomy":"post_tag","embeddable":true,"href":"https:\/\/fg.ull.es\/hemeroteca\/wp-json\/wp\/v2\/tags?post=11286"}],"curies":[{"name":"wp","href":"https:\/\/api.w.org\/{rel}","templated":true}]}}