{"id":11278,"date":"2013-03-22T15:16:41","date_gmt":"2013-03-22T15:16:41","guid":{"rendered":"http:\/\/www.fg.ull.es\/?p=11278"},"modified":"2013-03-22T15:16:41","modified_gmt":"2013-03-22T15:16:41","slug":"la-fgull-permanecera-cerrada-en-el-periodo-de-vacaciones-de-semana-santa","status":"publish","type":"post","link":"https:\/\/fg.ull.es\/hemeroteca\/2013\/03\/22\/la-fgull-permanecera-cerrada-en-el-periodo-de-vacaciones-de-semana-santa\/","title":{"rendered":"La FGULL permanecer\u00e1 cerrada en el periodo de vacaciones de Semana Santa"},"content":{"rendered":"<p>La Fundaci\u00f3n, al igual que el resto de la ULL, permanecer\u00e1 cerrada desde el viernes 22 de marzo a partir de las 21 horas hasta el lunes 1 de abril a las 6 horas.<\/p>\n<p>Comunicado oficial de la Universidad de La Laguna:<\/p>\n<p>Se comunica que, siguiendo con el plan de contenci&oacute;n del gasto corriente  aprobado por Consejo de Gobierno, y tal y como estaba previsto en el  mismo, se proceder&aacute; a efectuar el cierre de la Universidad de La Laguna  en el periodo de vacaciones de Semana Santa, es decir, desde el viernes  22 de marzo a partir de las 21 horas hasta el lunes 1 de abril a las 6  horas.<\/p>\n<p> Como ya sucedi&oacute; en el periodo navide&ntilde;o, se trata de un cierre integral  de las instalaciones, con el objeto de ahorrar lo m&aacute;ximo posible y  llegar as&iacute; al final del ejercicio de 2013 en un contexto econ&oacute;mico  medianamente favorable, de tal forma que no haya que tomar medidas m&aacute;s  dr&aacute;sticas que atenten contra el servicio p&uacute;blico que presta esta  universidad.<\/p>\n<p> Por tanto, se solicita la colaboraci&oacute;n y comprensi&oacute;n de todos, para que  de este cierre se desprendan los mejores resultados para esta  instituci&oacute;n.<\/p>\n","protected":false},"excerpt":{"rendered":"<p>La Fundaci\u00f3n, al igual que el resto de la ULL, permanecer\u00e1 cerrada desde el viernes 22 de marzo a partir de las 21 horas hasta el lunes 1 de abril a las 6 horas.<\/p>\n","protected":false},"author":36,"featured_media":11277,"comment_status":"closed","ping_status":"open","sticky":false,"template":"","format":"standard","meta":{"footnotes":""},"categories":[6],"tags":[173],"class_list":["post-11278","post","type-post","status-publish","format-standard","has-post-thumbnail","hentry","category-fundacion","tag-archivados"],"yoast_head":"<!-- This site is optimized with the Yoast SEO plugin v28.2 - https:\/\/yoast.com\/product\/yoast-seo-wordpress\/ -->\n<title>La FGULL permanecer\u00e1 cerrada en el periodo de vacaciones de Semana Santa - Hist\u00f3rico de noticias de la Fundaci\u00f3n General<\/title>\n<meta name=\"robots\" content=\"index, follow, max-snippet:-1, max-image-preview:large, max-video-preview:-1\" \/>\n<link rel=\"canonical\" href=\"https:\/\/fg.ull.es\/hemeroteca\/2013\/03\/22\/la-fgull-permanecera-cerrada-en-el-periodo-de-vacaciones-de-semana-santa\/\" \/>\n<meta property=\"og:locale\" content=\"es_ES\" \/>\n<meta property=\"og:type\" content=\"article\" \/>\n<meta property=\"og:title\" content=\"La FGULL permanecer\u00e1 cerrada en el periodo de vacaciones de Semana Santa - Hist\u00f3rico de noticias de la Fundaci\u00f3n General\" \/>\n<meta property=\"og:description\" content=\"La Fundaci\u00f3n, al igual que el resto de la ULL, permanecer\u00e1 cerrada desde el viernes 22 de marzo a partir de las 21 horas hasta el lunes 1 de abril a las 6 horas.\" \/>\n<meta property=\"og:url\" content=\"https:\/\/fg.ull.es\/hemeroteca\/2013\/03\/22\/la-fgull-permanecera-cerrada-en-el-periodo-de-vacaciones-de-semana-santa\/\" \/>\n<meta property=\"og:site_name\" content=\"Hist\u00f3rico de noticias de la Fundaci\u00f3n General\" \/>\n<meta property=\"article:published_time\" content=\"2013-03-22T15:16:41+00:00\" \/>\n<meta property=\"og:image\" content=\"https:\/\/fg.ull.es\/hemeroteca\/wp-content\/uploads\/sites\/14\/2015\/04\/1228_dj_dsc_0582-scaled.jpg\" \/>\n\t<meta property=\"og:image:width\" content=\"2560\" \/>\n\t<meta property=\"og:image:height\" content=\"1718\" \/>\n\t<meta property=\"og:image:type\" content=\"image\/jpeg\" \/>\n<meta name=\"author\" content=\"fgull\" \/>\n<meta name=\"twitter:card\" content=\"summary_large_image\" \/>\n<meta name=\"twitter:label1\" content=\"Escrito por\" \/>\n\t<meta name=\"twitter:data1\" content=\"fgull\" \/>\n\t<meta name=\"twitter:label2\" content=\"Tiempo de lectura\" \/>\n\t<meta name=\"twitter:data2\" content=\"1 minuto\" \/>\n<script type=\"application\/ld+json\" class=\"yoast-schema-graph\">{\"@context\":\"https:\\\/\\\/schema.org\",\"@graph\":[{\"@type\":\"Article\",\"@id\":\"https:\\\/\\\/fg.ull.es\\\/hemeroteca\\\/2013\\\/03\\\/22\\\/la-fgull-permanecera-cerrada-en-el-periodo-de-vacaciones-de-semana-santa\\\/#article\",\"isPartOf\":{\"@id\":\"https:\\\/\\\/fg.ull.es\\\/hemeroteca\\\/2013\\\/03\\\/22\\\/la-fgull-permanecera-cerrada-en-el-periodo-de-vacaciones-de-semana-santa\\\/\"},\"author\":{\"name\":\"fgull\",\"@id\":\"https:\\\/\\\/fg.ull.es\\\/hemeroteca\\\/#\\\/schema\\\/person\\\/cf424320c3c543ecb9f15d3785219238\"},\"headline\":\"La FGULL permanecer\u00e1 cerrada en el periodo de vacaciones de Semana Santa\",\"datePublished\":\"2013-03-22T15:16:41+00:00\",\"mainEntityOfPage\":{\"@id\":\"https:\\\/\\\/fg.ull.es\\\/hemeroteca\\\/2013\\\/03\\\/22\\\/la-fgull-permanecera-cerrada-en-el-periodo-de-vacaciones-de-semana-santa\\\/\"},\"wordCount\":222,\"image\":{\"@id\":\"https:\\\/\\\/fg.ull.es\\\/hemeroteca\\\/2013\\\/03\\\/22\\\/la-fgull-permanecera-cerrada-en-el-periodo-de-vacaciones-de-semana-santa\\\/#primaryimage\"},\"thumbnailUrl\":\"https:\\\/\\\/fg.ull.es\\\/hemeroteca\\\/wp-content\\\/uploads\\\/sites\\\/14\\\/2015\\\/04\\\/1228_dj_dsc_0582-scaled.jpg\",\"keywords\":[\"Archivados\"],\"articleSection\":[\"Fundaci\u00f3n\"],\"inLanguage\":\"es\"},{\"@type\":\"WebPage\",\"@id\":\"https:\\\/\\\/fg.ull.es\\\/hemeroteca\\\/2013\\\/03\\\/22\\\/la-fgull-permanecera-cerrada-en-el-periodo-de-vacaciones-de-semana-santa\\\/\",\"url\":\"https:\\\/\\\/fg.ull.es\\\/hemeroteca\\\/2013\\\/03\\\/22\\\/la-fgull-permanecera-cerrada-en-el-periodo-de-vacaciones-de-semana-santa\\\/\",\"name\":\"La FGULL permanecer\u00e1 cerrada en el periodo de vacaciones de Semana Santa - Hist\u00f3rico de noticias de la Fundaci\u00f3n General\",\"isPartOf\":{\"@id\":\"https:\\\/\\\/fg.ull.es\\\/hemeroteca\\\/#website\"},\"primaryImageOfPage\":{\"@id\":\"https:\\\/\\\/fg.ull.es\\\/hemeroteca\\\/2013\\\/03\\\/22\\\/la-fgull-permanecera-cerrada-en-el-periodo-de-vacaciones-de-semana-santa\\\/#primaryimage\"},\"image\":{\"@id\":\"https:\\\/\\\/fg.ull.es\\\/hemeroteca\\\/2013\\\/03\\\/22\\\/la-fgull-permanecera-cerrada-en-el-periodo-de-vacaciones-de-semana-santa\\\/#primaryimage\"},\"thumbnailUrl\":\"https:\\\/\\\/fg.ull.es\\\/hemeroteca\\\/wp-content\\\/uploads\\\/sites\\\/14\\\/2015\\\/04\\\/1228_dj_dsc_0582-scaled.jpg\",\"datePublished\":\"2013-03-22T15:16:41+00:00\",\"author\":{\"@id\":\"https:\\\/\\\/fg.ull.es\\\/hemeroteca\\\/#\\\/schema\\\/person\\\/cf424320c3c543ecb9f15d3785219238\"},\"breadcrumb\":{\"@id\":\"https:\\\/\\\/fg.ull.es\\\/hemeroteca\\\/2013\\\/03\\\/22\\\/la-fgull-permanecera-cerrada-en-el-periodo-de-vacaciones-de-semana-santa\\\/#breadcrumb\"},\"inLanguage\":\"es\",\"potentialAction\":[{\"@type\":\"ReadAction\",\"target\":[\"https:\\\/\\\/fg.ull.es\\\/hemeroteca\\\/2013\\\/03\\\/22\\\/la-fgull-permanecera-cerrada-en-el-periodo-de-vacaciones-de-semana-santa\\\/\"]}]},{\"@type\":\"ImageObject\",\"inLanguage\":\"es\",\"@id\":\"https:\\\/\\\/fg.ull.es\\\/hemeroteca\\\/2013\\\/03\\\/22\\\/la-fgull-permanecera-cerrada-en-el-periodo-de-vacaciones-de-semana-santa\\\/#primaryimage\",\"url\":\"https:\\\/\\\/fg.ull.es\\\/hemeroteca\\\/wp-content\\\/uploads\\\/sites\\\/14\\\/2015\\\/04\\\/1228_dj_dsc_0582-scaled.jpg\",\"contentUrl\":\"https:\\\/\\\/fg.ull.es\\\/hemeroteca\\\/wp-content\\\/uploads\\\/sites\\\/14\\\/2015\\\/04\\\/1228_dj_dsc_0582-scaled.jpg\",\"width\":2560,\"height\":1718},{\"@type\":\"BreadcrumbList\",\"@id\":\"https:\\\/\\\/fg.ull.es\\\/hemeroteca\\\/2013\\\/03\\\/22\\\/la-fgull-permanecera-cerrada-en-el-periodo-de-vacaciones-de-semana-santa\\\/#breadcrumb\",\"itemListElement\":[{\"@type\":\"ListItem\",\"position\":1,\"name\":\"Home\",\"item\":\"https:\\\/\\\/fg.ull.es\\\/hemeroteca\\\/\"},{\"@type\":\"ListItem\",\"position\":2,\"name\":\"La FGULL permanecer\u00e1 cerrada en el periodo de vacaciones de Semana Santa\"}]},{\"@type\":\"WebSite\",\"@id\":\"https:\\\/\\\/fg.ull.es\\\/hemeroteca\\\/#website\",\"url\":\"https:\\\/\\\/fg.ull.es\\\/hemeroteca\\\/\",\"name\":\"Hist\u00f3rico de noticias de la Fundaci\u00f3n General\",\"description\":\"\",\"potentialAction\":[{\"@type\":\"SearchAction\",\"target\":{\"@type\":\"EntryPoint\",\"urlTemplate\":\"https:\\\/\\\/fg.ull.es\\\/hemeroteca\\\/?s={search_term_string}\"},\"query-input\":{\"@type\":\"PropertyValueSpecification\",\"valueRequired\":true,\"valueName\":\"search_term_string\"}}],\"inLanguage\":\"es\"},{\"@type\":\"Person\",\"@id\":\"https:\\\/\\\/fg.ull.es\\\/hemeroteca\\\/#\\\/schema\\\/person\\\/cf424320c3c543ecb9f15d3785219238\",\"name\":\"fgull\",\"image\":{\"@type\":\"ImageObject\",\"inLanguage\":\"es\",\"@id\":\"https:\\\/\\\/secure.gravatar.com\\\/avatar\\\/3b3f179500dd91d295ffa66543a853574e5676c5c7f8b31d00af1a80aadcafa4?s=96&d=mm&r=g\",\"url\":\"https:\\\/\\\/secure.gravatar.com\\\/avatar\\\/3b3f179500dd91d295ffa66543a853574e5676c5c7f8b31d00af1a80aadcafa4?s=96&d=mm&r=g\",\"contentUrl\":\"https:\\\/\\\/secure.gravatar.com\\\/avatar\\\/3b3f179500dd91d295ffa66543a853574e5676c5c7f8b31d00af1a80aadcafa4?s=96&d=mm&r=g\",\"caption\":\"fgull\"},\"url\":\"https:\\\/\\\/fg.ull.es\\\/hemeroteca\\\/author\\\/fgull\\\/\"}]}<\/script>\n<!-- \/ Yoast SEO plugin. -->","yoast_head_json":{"title":"La FGULL permanecer\u00e1 cerrada en el periodo de vacaciones de Semana Santa - Hist\u00f3rico de noticias de la Fundaci\u00f3n General","robots":{"index":"index","follow":"follow","max-snippet":"max-snippet:-1","max-image-preview":"max-image-preview:large","max-video-preview":"max-video-preview:-1"},"canonical":"https:\/\/fg.ull.es\/hemeroteca\/2013\/03\/22\/la-fgull-permanecera-cerrada-en-el-periodo-de-vacaciones-de-semana-santa\/","og_locale":"es_ES","og_type":"article","og_title":"La FGULL permanecer\u00e1 cerrada en el periodo de vacaciones de Semana Santa - Hist\u00f3rico de noticias de la Fundaci\u00f3n General","og_description":"La Fundaci\u00f3n, al igual que el resto de la ULL, permanecer\u00e1 cerrada desde el viernes 22 de marzo a partir de las 21 horas hasta el lunes 1 de abril a las 6 horas.","og_url":"https:\/\/fg.ull.es\/hemeroteca\/2013\/03\/22\/la-fgull-permanecera-cerrada-en-el-periodo-de-vacaciones-de-semana-santa\/","og_site_name":"Hist\u00f3rico de noticias de la Fundaci\u00f3n General","article_published_time":"2013-03-22T15:16:41+00:00","og_image":[{"width":2560,"height":1718,"url":"https:\/\/fg.ull.es\/hemeroteca\/wp-content\/uploads\/sites\/14\/2015\/04\/1228_dj_dsc_0582-scaled.jpg","type":"image\/jpeg"}],"author":"fgull","twitter_card":"summary_large_image","twitter_misc":{"Escrito por":"fgull","Tiempo de lectura":"1 minuto"},"schema":{"@context":"https:\/\/schema.org","@graph":[{"@type":"Article","@id":"https:\/\/fg.ull.es\/hemeroteca\/2013\/03\/22\/la-fgull-permanecera-cerrada-en-el-periodo-de-vacaciones-de-semana-santa\/#article","isPartOf":{"@id":"https:\/\/fg.ull.es\/hemeroteca\/2013\/03\/22\/la-fgull-permanecera-cerrada-en-el-periodo-de-vacaciones-de-semana-santa\/"},"author":{"name":"fgull","@id":"https:\/\/fg.ull.es\/hemeroteca\/#\/schema\/person\/cf424320c3c543ecb9f15d3785219238"},"headline":"La FGULL permanecer\u00e1 cerrada en el periodo de vacaciones de Semana Santa","datePublished":"2013-03-22T15:16:41+00:00","mainEntityOfPage":{"@id":"https:\/\/fg.ull.es\/hemeroteca\/2013\/03\/22\/la-fgull-permanecera-cerrada-en-el-periodo-de-vacaciones-de-semana-santa\/"},"wordCount":222,"image":{"@id":"https:\/\/fg.ull.es\/hemeroteca\/2013\/03\/22\/la-fgull-permanecera-cerrada-en-el-periodo-de-vacaciones-de-semana-santa\/#primaryimage"},"thumbnailUrl":"https:\/\/fg.ull.es\/hemeroteca\/wp-content\/uploads\/sites\/14\/2015\/04\/1228_dj_dsc_0582-scaled.jpg","keywords":["Archivados"],"articleSection":["Fundaci\u00f3n"],"inLanguage":"es"},{"@type":"WebPage","@id":"https:\/\/fg.ull.es\/hemeroteca\/2013\/03\/22\/la-fgull-permanecera-cerrada-en-el-periodo-de-vacaciones-de-semana-santa\/","url":"https:\/\/fg.ull.es\/hemeroteca\/2013\/03\/22\/la-fgull-permanecera-cerrada-en-el-periodo-de-vacaciones-de-semana-santa\/","name":"La FGULL permanecer\u00e1 cerrada en el periodo de vacaciones de Semana Santa - Hist\u00f3rico de noticias de la Fundaci\u00f3n General","isPartOf":{"@id":"https:\/\/fg.ull.es\/hemeroteca\/#website"},"primaryImageOfPage":{"@id":"https:\/\/fg.ull.es\/hemeroteca\/2013\/03\/22\/la-fgull-permanecera-cerrada-en-el-periodo-de-vacaciones-de-semana-santa\/#primaryimage"},"image":{"@id":"https:\/\/fg.ull.es\/hemeroteca\/2013\/03\/22\/la-fgull-permanecera-cerrada-en-el-periodo-de-vacaciones-de-semana-santa\/#primaryimage"},"thumbnailUrl":"https:\/\/fg.ull.es\/hemeroteca\/wp-content\/uploads\/sites\/14\/2015\/04\/1228_dj_dsc_0582-scaled.jpg","datePublished":"2013-03-22T15:16:41+00:00","author":{"@id":"https:\/\/fg.ull.es\/hemeroteca\/#\/schema\/person\/cf424320c3c543ecb9f15d3785219238"},"breadcrumb":{"@id":"https:\/\/fg.ull.es\/hemeroteca\/2013\/03\/22\/la-fgull-permanecera-cerrada-en-el-periodo-de-vacaciones-de-semana-santa\/#breadcrumb"},"inLanguage":"es","potentialAction":[{"@type":"ReadAction","target":["https:\/\/fg.ull.es\/hemeroteca\/2013\/03\/22\/la-fgull-permanecera-cerrada-en-el-periodo-de-vacaciones-de-semana-santa\/"]}]},{"@type":"ImageObject","inLanguage":"es","@id":"https:\/\/fg.ull.es\/hemeroteca\/2013\/03\/22\/la-fgull-permanecera-cerrada-en-el-periodo-de-vacaciones-de-semana-santa\/#primaryimage","url":"https:\/\/fg.ull.es\/hemeroteca\/wp-content\/uploads\/sites\/14\/2015\/04\/1228_dj_dsc_0582-scaled.jpg","contentUrl":"https:\/\/fg.ull.es\/hemeroteca\/wp-content\/uploads\/sites\/14\/2015\/04\/1228_dj_dsc_0582-scaled.jpg","width":2560,"height":1718},{"@type":"BreadcrumbList","@id":"https:\/\/fg.ull.es\/hemeroteca\/2013\/03\/22\/la-fgull-permanecera-cerrada-en-el-periodo-de-vacaciones-de-semana-santa\/#breadcrumb","itemListElement":[{"@type":"ListItem","position":1,"name":"Home","item":"https:\/\/fg.ull.es\/hemeroteca\/"},{"@type":"ListItem","position":2,"name":"La FGULL permanecer\u00e1 cerrada en el periodo de vacaciones de Semana Santa"}]},{"@type":"WebSite","@id":"https:\/\/fg.ull.es\/hemeroteca\/#website","url":"https:\/\/fg.ull.es\/hemeroteca\/","name":"Hist\u00f3rico de noticias de la Fundaci\u00f3n General","description":"","potentialAction":[{"@type":"SearchAction","target":{"@type":"EntryPoint","urlTemplate":"https:\/\/fg.ull.es\/hemeroteca\/?s={search_term_string}"},"query-input":{"@type":"PropertyValueSpecification","valueRequired":true,"valueName":"search_term_string"}}],"inLanguage":"es"},{"@type":"Person","@id":"https:\/\/fg.ull.es\/hemeroteca\/#\/schema\/person\/cf424320c3c543ecb9f15d3785219238","name":"fgull","image":{"@type":"ImageObject","inLanguage":"es","@id":"https:\/\/secure.gravatar.com\/avatar\/3b3f179500dd91d295ffa66543a853574e5676c5c7f8b31d00af1a80aadcafa4?s=96&d=mm&r=g","url":"https:\/\/secure.gravatar.com\/avatar\/3b3f179500dd91d295ffa66543a853574e5676c5c7f8b31d00af1a80aadcafa4?s=96&d=mm&r=g","contentUrl":"https:\/\/secure.gravatar.com\/avatar\/3b3f179500dd91d295ffa66543a853574e5676c5c7f8b31d00af1a80aadcafa4?s=96&d=mm&r=g","caption":"fgull"},"url":"https:\/\/fg.ull.es\/hemeroteca\/author\/fgull\/"}]}},"featured_image_thumbnail_url":"https:\/\/fg.ull.es\/hemeroteca\/wp-content\/uploads\/sites\/14\/2015\/04\/1228_dj_dsc_0582-300x201.jpg","_links":{"self":[{"href":"https:\/\/fg.ull.es\/hemeroteca\/wp-json\/wp\/v2\/posts\/11278","targetHints":{"allow":["GET"]}}],"collection":[{"href":"https:\/\/fg.ull.es\/hemeroteca\/wp-json\/wp\/v2\/posts"}],"about":[{"href":"https:\/\/fg.ull.es\/hemeroteca\/wp-json\/wp\/v2\/types\/post"}],"author":[{"embeddable":true,"href":"https:\/\/fg.ull.es\/hemeroteca\/wp-json\/wp\/v2\/users\/36"}],"replies":[{"embeddable":true,"href":"https:\/\/fg.ull.es\/hemeroteca\/wp-json\/wp\/v2\/comments?post=11278"}],"version-history":[{"count":0,"href":"https:\/\/fg.ull.es\/hemeroteca\/wp-json\/wp\/v2\/posts\/11278\/revisions"}],"wp:featuredmedia":[{"embeddable":true,"href":"https:\/\/fg.ull.es\/hemeroteca\/wp-json\/wp\/v2\/media\/11277"}],"wp:attachment":[{"href":"https:\/\/fg.ull.es\/hemeroteca\/wp-json\/wp\/v2\/media?parent=11278"}],"wp:term":[{"taxonomy":"category","embeddable":true,"href":"https:\/\/fg.ull.es\/hemeroteca\/wp-json\/wp\/v2\/categories?post=11278"},{"taxonomy":"post_tag","embeddable":true,"href":"https:\/\/fg.ull.es\/hemeroteca\/wp-json\/wp\/v2\/tags?post=11278"}],"curies":[{"name":"wp","href":"https:\/\/api.w.org\/{rel}","templated":true}]}}