{"id":11272,"date":"2013-03-22T10:21:58","date_gmt":"2013-03-22T10:21:58","guid":{"rendered":"http:\/\/www.fg.ull.es\/?p=11272"},"modified":"2013-03-22T10:21:58","modified_gmt":"2013-03-22T10:21:58","slug":"la-laguna-primer-municipio-de-espana-en-firmar-el-pacto-por-el-talento-con-la-fundacion-everis","status":"publish","type":"post","link":"https:\/\/fg.ull.es\/hemeroteca\/2013\/03\/22\/la-laguna-primer-municipio-de-espana-en-firmar-el-pacto-por-el-talento-con-la-fundacion-everis\/","title":{"rendered":"La Laguna, primer municipio de Espa\u00f1a en firmar el &#039;Pacto por el Talento&#039; con la Fundaci\u00f3n Everis"},"content":{"rendered":"<p>El alcalde Fernando Clavijo rubrica este acuerdo, que se llevar\u00e1 a Pleno, con el presidente de esta entidad y coordinador de &#8216;TransformaTalento&#8217;, Marc Alba, y felicita a los j\u00f3venes laguneros &#8216;porque el mejor ejemplo de nuestro futuro son ustedes&#8217;.<\/p>\n<div style='text-align: justify'>La  Laguna ha sido el primer territorio espa&ntilde;ol en firmar el <em>Pacto por el  talento <\/em>con la Fundaci&oacute;n Everis, que promueve el apoyo a los  emprendedores y el desarrollo de la innovaci&oacute;n en cualquier &aacute;mbito y que  persigue impulsar el desarrollo de las personas y su talento como  m&aacute;ximo valor.<\/div>\n<div style='text-align: justify'>\n<div>\n<p>As&iacute; lo afirm&oacute; esta ma&ntilde;ana, el socio director de la consultora, Marc  Alba, que ha viajado hasta el municipio para mantener una sesi&oacute;n de  trabajo con los j&oacute;venes que forman parte del Foro Joven de La Laguna.<\/p>\n<p>El alcalde Fernando Clavijo rubric&oacute; este acuerdo con el tambi&eacute;n  coordinador de la iniciativa TransformaTalento, la coordinadora del  Foro, Tayri Campo y con la concejal de Juventud, Candelaria D&iacute;az y  aprovech&oacute; para felicitar a los j&oacute;venes `porque este es el mejor ejemplo  de nuestro futuro, ustedes&acute;.<\/p>\n<p>Durante casi dos horas, los j&oacute;venes opinaron sobre todo aquello que  les preocupa y dieron a conocer su proyecto Let Youth Talent Grow,  basado precisamente en el informe que coordina Alba.<\/p>\n<p>A trav&eacute;s de este pacto, los firmantes manifiestan la necesidad de la  generaci&oacute;n y promoci&oacute;n de una sociedad basada en el talento, una  estrategia conjunta y a largo plazo en educaci&oacute;n, ciencia, sociedad,  cultura y talento empresarial<\/p>\n<p>Bajo la consigna &iexcl;Hagamos que el talento sea el valor que mueve  nuestro municipio! este acuerdo asume el compromiso del desarrollo,  reconocimiento, valoraci&oacute;n y fomento de los talentos en La Laguna y la  necesidad de promover un ecosistema del talento.<\/p>\n<p>Varios de los miembros que participaron en esta sesi&oacute;n de trabajo  coincidieron en la necesidad de potenciar la capacidad transformadora  del talento que reside en cada individuo y en la colectividad social.<\/p>\n<p>Por su parte, y entre otras cuestiones, Marc Alba, destac&oacute; que es  necesario un cambio urgente en el sistema educativo y reconoci&oacute; que la  autonom&iacute;a en el mismo puede mejorar significativamente la situaci&oacute;n  actual del pa&iacute;s. Por ello, reiter&oacute; que hay que buscar el talento desde  peque&ntilde;os y conseguir peque&ntilde;os retos a corto plazo, ya que `la pasi&oacute;n  hace que aprendamos mucho m&aacute;s all&aacute; de nuestras expectativas&acute;, se&ntilde;al&oacute;.<\/p>\n<p>Alba se mostr&oacute; satisfecho con la firma de este pacto y reconoci&oacute; que  le gustar&iacute;a llevarlo a la Casa Real `por ser el primero que se firma de  toda Espa&ntilde;a&acute;, donde el a&ntilde;o pasado se present&oacute; el informe  TransformaTalento que se incluye en la iniciativa Transforma Espa&ntilde;a, un  encuentro presidido por el Rey Juan Carlos.<\/p>\n<p>Asimismo, comunic&oacute; a los miembros del Foro La Laguna Joven su  intenci&oacute;n de colaborar en todo lo que necesiten `para caminar en la  misma direcci&oacute;n&acute; y los anim&oacute; a continuar en la senda en la que se  encuentran y marcar una hoja de ruta en la que puedan ir trazando  diferentes objetivos a alcanzar en el pr&oacute;ximo a&ntilde;o.<\/p>\n<p>Tras esta reuni&oacute;n, los presentes se trasladaron a otra Mesa de  Trabajo organizada por el Ayuntamiento de La Laguna en colaboraci&oacute;n con  la Fundaci&oacute;n General de la Universidad de La Laguna en la Facultad de  Ciencias Econ&oacute;micas y Empresariales de la Universidad de La Laguna.<\/p>\n<p style='text-align: justify'>La Mesa, moderada por la concejal de Juventud, Candelaria D&iacute;az y  Rodrigo Trujillo, vicerrector de Internacionalizaci&oacute;n y Excelencia, y  compuesta por Marc Alba, adem&aacute;s por Tayri Campo, coordinadora del Foro  La Laguna Joven; Cultura visual, y los miembros del grupo humor&iacute;stico  teatral Abubukaka.<\/p>\n<p style='text-align: justify'>*Nota cedida por el Gabinete de Prensa del Ayuntamiento de La Laguna<\/p>\n<\/div>\n<\/div>\n","protected":false},"excerpt":{"rendered":"<p>El alcalde Fernando Clavijo rubrica este acuerdo, que se llevar\u00e1 a Pleno, con el presidente de esta entidad y coordinador de &#8216;TransformaTalento&#8217;, Marc Alba, y felicita a los j\u00f3venes laguneros &#8216;porque el mejor ejemplo de nuestro futuro son ustedes&#8217;.<\/p>\n","protected":false},"author":36,"featured_media":11271,"comment_status":"closed","ping_status":"open","sticky":false,"template":"","format":"standard","meta":{"footnotes":""},"categories":[3],"tags":[173],"class_list":["post-11272","post","type-post","status-publish","format-standard","has-post-thumbnail","hentry","category-empleo","tag-archivados"],"yoast_head":"<!-- This site is optimized with the Yoast SEO plugin v28.2 - https:\/\/yoast.com\/product\/yoast-seo-wordpress\/ -->\n<title>La Laguna, primer municipio de Espa\u00f1a en firmar el &#039;Pacto por el Talento&#039; con la Fundaci\u00f3n Everis - Hist\u00f3rico de noticias de la Fundaci\u00f3n General<\/title>\n<meta name=\"robots\" content=\"index, follow, max-snippet:-1, max-image-preview:large, max-video-preview:-1\" \/>\n<link rel=\"canonical\" href=\"https:\/\/fg.ull.es\/hemeroteca\/2013\/03\/22\/la-laguna-primer-municipio-de-espana-en-firmar-el-pacto-por-el-talento-con-la-fundacion-everis\/\" \/>\n<meta property=\"og:locale\" content=\"es_ES\" \/>\n<meta property=\"og:type\" content=\"article\" \/>\n<meta property=\"og:title\" content=\"La Laguna, primer municipio de Espa\u00f1a en firmar el &#039;Pacto por el Talento&#039; con la Fundaci\u00f3n Everis - Hist\u00f3rico de noticias de la Fundaci\u00f3n General\" \/>\n<meta property=\"og:description\" content=\"El alcalde Fernando Clavijo rubrica este acuerdo, que se llevar\u00e1 a Pleno, con el presidente de esta entidad y coordinador de &#039;TransformaTalento&#039;, Marc Alba, y felicita a los j\u00f3venes laguneros &#039;porque el mejor ejemplo de nuestro futuro son ustedes&#039;.\" \/>\n<meta property=\"og:url\" content=\"https:\/\/fg.ull.es\/hemeroteca\/2013\/03\/22\/la-laguna-primer-municipio-de-espana-en-firmar-el-pacto-por-el-talento-con-la-fundacion-everis\/\" \/>\n<meta property=\"og:site_name\" content=\"Hist\u00f3rico de noticias de la Fundaci\u00f3n General\" \/>\n<meta property=\"article:published_time\" content=\"2013-03-22T10:21:58+00:00\" \/>\n<meta property=\"og:image\" content=\"https:\/\/fg.ull.es\/hemeroteca\/wp-content\/uploads\/sites\/14\/2015\/04\/1226_5h_pacto_talento.jpg\" \/>\n\t<meta property=\"og:image:width\" content=\"646\" \/>\n\t<meta property=\"og:image:height\" content=\"289\" \/>\n\t<meta property=\"og:image:type\" content=\"image\/jpeg\" \/>\n<meta name=\"author\" content=\"fgull\" \/>\n<meta name=\"twitter:card\" content=\"summary_large_image\" \/>\n<meta name=\"twitter:label1\" content=\"Escrito por\" \/>\n\t<meta name=\"twitter:data1\" content=\"fgull\" \/>\n\t<meta name=\"twitter:label2\" content=\"Tiempo de lectura\" \/>\n\t<meta name=\"twitter:data2\" content=\"3 minutos\" \/>\n<script type=\"application\/ld+json\" class=\"yoast-schema-graph\">{\"@context\":\"https:\\\/\\\/schema.org\",\"@graph\":[{\"@type\":\"Article\",\"@id\":\"https:\\\/\\\/fg.ull.es\\\/hemeroteca\\\/2013\\\/03\\\/22\\\/la-laguna-primer-municipio-de-espana-en-firmar-el-pacto-por-el-talento-con-la-fundacion-everis\\\/#article\",\"isPartOf\":{\"@id\":\"https:\\\/\\\/fg.ull.es\\\/hemeroteca\\\/2013\\\/03\\\/22\\\/la-laguna-primer-municipio-de-espana-en-firmar-el-pacto-por-el-talento-con-la-fundacion-everis\\\/\"},\"author\":{\"name\":\"fgull\",\"@id\":\"https:\\\/\\\/fg.ull.es\\\/hemeroteca\\\/#\\\/schema\\\/person\\\/cf424320c3c543ecb9f15d3785219238\"},\"headline\":\"La Laguna, primer municipio de Espa\u00f1a en firmar el &#039;Pacto por el Talento&#039; con la Fundaci\u00f3n Everis\",\"datePublished\":\"2013-03-22T10:21:58+00:00\",\"mainEntityOfPage\":{\"@id\":\"https:\\\/\\\/fg.ull.es\\\/hemeroteca\\\/2013\\\/03\\\/22\\\/la-laguna-primer-municipio-de-espana-en-firmar-el-pacto-por-el-talento-con-la-fundacion-everis\\\/\"},\"wordCount\":715,\"image\":{\"@id\":\"https:\\\/\\\/fg.ull.es\\\/hemeroteca\\\/2013\\\/03\\\/22\\\/la-laguna-primer-municipio-de-espana-en-firmar-el-pacto-por-el-talento-con-la-fundacion-everis\\\/#primaryimage\"},\"thumbnailUrl\":\"https:\\\/\\\/fg.ull.es\\\/hemeroteca\\\/wp-content\\\/uploads\\\/sites\\\/14\\\/2015\\\/04\\\/1226_5h_pacto_talento.jpg\",\"keywords\":[\"Archivados\"],\"articleSection\":[\"Empleo\"],\"inLanguage\":\"es\"},{\"@type\":\"WebPage\",\"@id\":\"https:\\\/\\\/fg.ull.es\\\/hemeroteca\\\/2013\\\/03\\\/22\\\/la-laguna-primer-municipio-de-espana-en-firmar-el-pacto-por-el-talento-con-la-fundacion-everis\\\/\",\"url\":\"https:\\\/\\\/fg.ull.es\\\/hemeroteca\\\/2013\\\/03\\\/22\\\/la-laguna-primer-municipio-de-espana-en-firmar-el-pacto-por-el-talento-con-la-fundacion-everis\\\/\",\"name\":\"La Laguna, primer municipio de Espa\u00f1a en firmar el &#039;Pacto por el Talento&#039; con la Fundaci\u00f3n Everis - Hist\u00f3rico de noticias de la Fundaci\u00f3n General\",\"isPartOf\":{\"@id\":\"https:\\\/\\\/fg.ull.es\\\/hemeroteca\\\/#website\"},\"primaryImageOfPage\":{\"@id\":\"https:\\\/\\\/fg.ull.es\\\/hemeroteca\\\/2013\\\/03\\\/22\\\/la-laguna-primer-municipio-de-espana-en-firmar-el-pacto-por-el-talento-con-la-fundacion-everis\\\/#primaryimage\"},\"image\":{\"@id\":\"https:\\\/\\\/fg.ull.es\\\/hemeroteca\\\/2013\\\/03\\\/22\\\/la-laguna-primer-municipio-de-espana-en-firmar-el-pacto-por-el-talento-con-la-fundacion-everis\\\/#primaryimage\"},\"thumbnailUrl\":\"https:\\\/\\\/fg.ull.es\\\/hemeroteca\\\/wp-content\\\/uploads\\\/sites\\\/14\\\/2015\\\/04\\\/1226_5h_pacto_talento.jpg\",\"datePublished\":\"2013-03-22T10:21:58+00:00\",\"author\":{\"@id\":\"https:\\\/\\\/fg.ull.es\\\/hemeroteca\\\/#\\\/schema\\\/person\\\/cf424320c3c543ecb9f15d3785219238\"},\"breadcrumb\":{\"@id\":\"https:\\\/\\\/fg.ull.es\\\/hemeroteca\\\/2013\\\/03\\\/22\\\/la-laguna-primer-municipio-de-espana-en-firmar-el-pacto-por-el-talento-con-la-fundacion-everis\\\/#breadcrumb\"},\"inLanguage\":\"es\",\"potentialAction\":[{\"@type\":\"ReadAction\",\"target\":[\"https:\\\/\\\/fg.ull.es\\\/hemeroteca\\\/2013\\\/03\\\/22\\\/la-laguna-primer-municipio-de-espana-en-firmar-el-pacto-por-el-talento-con-la-fundacion-everis\\\/\"]}]},{\"@type\":\"ImageObject\",\"inLanguage\":\"es\",\"@id\":\"https:\\\/\\\/fg.ull.es\\\/hemeroteca\\\/2013\\\/03\\\/22\\\/la-laguna-primer-municipio-de-espana-en-firmar-el-pacto-por-el-talento-con-la-fundacion-everis\\\/#primaryimage\",\"url\":\"https:\\\/\\\/fg.ull.es\\\/hemeroteca\\\/wp-content\\\/uploads\\\/sites\\\/14\\\/2015\\\/04\\\/1226_5h_pacto_talento.jpg\",\"contentUrl\":\"https:\\\/\\\/fg.ull.es\\\/hemeroteca\\\/wp-content\\\/uploads\\\/sites\\\/14\\\/2015\\\/04\\\/1226_5h_pacto_talento.jpg\",\"width\":646,\"height\":289},{\"@type\":\"BreadcrumbList\",\"@id\":\"https:\\\/\\\/fg.ull.es\\\/hemeroteca\\\/2013\\\/03\\\/22\\\/la-laguna-primer-municipio-de-espana-en-firmar-el-pacto-por-el-talento-con-la-fundacion-everis\\\/#breadcrumb\",\"itemListElement\":[{\"@type\":\"ListItem\",\"position\":1,\"name\":\"Home\",\"item\":\"https:\\\/\\\/fg.ull.es\\\/hemeroteca\\\/\"},{\"@type\":\"ListItem\",\"position\":2,\"name\":\"La Laguna, primer municipio de Espa\u00f1a en firmar el &#039;Pacto por el Talento&#039; con la Fundaci\u00f3n Everis\"}]},{\"@type\":\"WebSite\",\"@id\":\"https:\\\/\\\/fg.ull.es\\\/hemeroteca\\\/#website\",\"url\":\"https:\\\/\\\/fg.ull.es\\\/hemeroteca\\\/\",\"name\":\"Hist\u00f3rico de noticias de la Fundaci\u00f3n General\",\"description\":\"\",\"potentialAction\":[{\"@type\":\"SearchAction\",\"target\":{\"@type\":\"EntryPoint\",\"urlTemplate\":\"https:\\\/\\\/fg.ull.es\\\/hemeroteca\\\/?s={search_term_string}\"},\"query-input\":{\"@type\":\"PropertyValueSpecification\",\"valueRequired\":true,\"valueName\":\"search_term_string\"}}],\"inLanguage\":\"es\"},{\"@type\":\"Person\",\"@id\":\"https:\\\/\\\/fg.ull.es\\\/hemeroteca\\\/#\\\/schema\\\/person\\\/cf424320c3c543ecb9f15d3785219238\",\"name\":\"fgull\",\"image\":{\"@type\":\"ImageObject\",\"inLanguage\":\"es\",\"@id\":\"https:\\\/\\\/secure.gravatar.com\\\/avatar\\\/3b3f179500dd91d295ffa66543a853574e5676c5c7f8b31d00af1a80aadcafa4?s=96&d=mm&r=g\",\"url\":\"https:\\\/\\\/secure.gravatar.com\\\/avatar\\\/3b3f179500dd91d295ffa66543a853574e5676c5c7f8b31d00af1a80aadcafa4?s=96&d=mm&r=g\",\"contentUrl\":\"https:\\\/\\\/secure.gravatar.com\\\/avatar\\\/3b3f179500dd91d295ffa66543a853574e5676c5c7f8b31d00af1a80aadcafa4?s=96&d=mm&r=g\",\"caption\":\"fgull\"},\"url\":\"https:\\\/\\\/fg.ull.es\\\/hemeroteca\\\/author\\\/fgull\\\/\"}]}<\/script>\n<!-- \/ Yoast SEO plugin. -->","yoast_head_json":{"title":"La Laguna, primer municipio de Espa\u00f1a en firmar el &#039;Pacto por el Talento&#039; con la Fundaci\u00f3n Everis - Hist\u00f3rico de noticias de la Fundaci\u00f3n General","robots":{"index":"index","follow":"follow","max-snippet":"max-snippet:-1","max-image-preview":"max-image-preview:large","max-video-preview":"max-video-preview:-1"},"canonical":"https:\/\/fg.ull.es\/hemeroteca\/2013\/03\/22\/la-laguna-primer-municipio-de-espana-en-firmar-el-pacto-por-el-talento-con-la-fundacion-everis\/","og_locale":"es_ES","og_type":"article","og_title":"La Laguna, primer municipio de Espa\u00f1a en firmar el &#039;Pacto por el Talento&#039; con la Fundaci\u00f3n Everis - Hist\u00f3rico de noticias de la Fundaci\u00f3n General","og_description":"El alcalde Fernando Clavijo rubrica este acuerdo, que se llevar\u00e1 a Pleno, con el presidente de esta entidad y coordinador de 'TransformaTalento', Marc Alba, y felicita a los j\u00f3venes laguneros 'porque el mejor ejemplo de nuestro futuro son ustedes'.","og_url":"https:\/\/fg.ull.es\/hemeroteca\/2013\/03\/22\/la-laguna-primer-municipio-de-espana-en-firmar-el-pacto-por-el-talento-con-la-fundacion-everis\/","og_site_name":"Hist\u00f3rico de noticias de la Fundaci\u00f3n General","article_published_time":"2013-03-22T10:21:58+00:00","og_image":[{"width":646,"height":289,"url":"https:\/\/fg.ull.es\/hemeroteca\/wp-content\/uploads\/sites\/14\/2015\/04\/1226_5h_pacto_talento.jpg","type":"image\/jpeg"}],"author":"fgull","twitter_card":"summary_large_image","twitter_misc":{"Escrito por":"fgull","Tiempo de lectura":"3 minutos"},"schema":{"@context":"https:\/\/schema.org","@graph":[{"@type":"Article","@id":"https:\/\/fg.ull.es\/hemeroteca\/2013\/03\/22\/la-laguna-primer-municipio-de-espana-en-firmar-el-pacto-por-el-talento-con-la-fundacion-everis\/#article","isPartOf":{"@id":"https:\/\/fg.ull.es\/hemeroteca\/2013\/03\/22\/la-laguna-primer-municipio-de-espana-en-firmar-el-pacto-por-el-talento-con-la-fundacion-everis\/"},"author":{"name":"fgull","@id":"https:\/\/fg.ull.es\/hemeroteca\/#\/schema\/person\/cf424320c3c543ecb9f15d3785219238"},"headline":"La Laguna, primer municipio de Espa\u00f1a en firmar el &#039;Pacto por el Talento&#039; con la Fundaci\u00f3n Everis","datePublished":"2013-03-22T10:21:58+00:00","mainEntityOfPage":{"@id":"https:\/\/fg.ull.es\/hemeroteca\/2013\/03\/22\/la-laguna-primer-municipio-de-espana-en-firmar-el-pacto-por-el-talento-con-la-fundacion-everis\/"},"wordCount":715,"image":{"@id":"https:\/\/fg.ull.es\/hemeroteca\/2013\/03\/22\/la-laguna-primer-municipio-de-espana-en-firmar-el-pacto-por-el-talento-con-la-fundacion-everis\/#primaryimage"},"thumbnailUrl":"https:\/\/fg.ull.es\/hemeroteca\/wp-content\/uploads\/sites\/14\/2015\/04\/1226_5h_pacto_talento.jpg","keywords":["Archivados"],"articleSection":["Empleo"],"inLanguage":"es"},{"@type":"WebPage","@id":"https:\/\/fg.ull.es\/hemeroteca\/2013\/03\/22\/la-laguna-primer-municipio-de-espana-en-firmar-el-pacto-por-el-talento-con-la-fundacion-everis\/","url":"https:\/\/fg.ull.es\/hemeroteca\/2013\/03\/22\/la-laguna-primer-municipio-de-espana-en-firmar-el-pacto-por-el-talento-con-la-fundacion-everis\/","name":"La Laguna, primer municipio de Espa\u00f1a en firmar el &#039;Pacto por el Talento&#039; con la Fundaci\u00f3n Everis - Hist\u00f3rico de noticias de la Fundaci\u00f3n General","isPartOf":{"@id":"https:\/\/fg.ull.es\/hemeroteca\/#website"},"primaryImageOfPage":{"@id":"https:\/\/fg.ull.es\/hemeroteca\/2013\/03\/22\/la-laguna-primer-municipio-de-espana-en-firmar-el-pacto-por-el-talento-con-la-fundacion-everis\/#primaryimage"},"image":{"@id":"https:\/\/fg.ull.es\/hemeroteca\/2013\/03\/22\/la-laguna-primer-municipio-de-espana-en-firmar-el-pacto-por-el-talento-con-la-fundacion-everis\/#primaryimage"},"thumbnailUrl":"https:\/\/fg.ull.es\/hemeroteca\/wp-content\/uploads\/sites\/14\/2015\/04\/1226_5h_pacto_talento.jpg","datePublished":"2013-03-22T10:21:58+00:00","author":{"@id":"https:\/\/fg.ull.es\/hemeroteca\/#\/schema\/person\/cf424320c3c543ecb9f15d3785219238"},"breadcrumb":{"@id":"https:\/\/fg.ull.es\/hemeroteca\/2013\/03\/22\/la-laguna-primer-municipio-de-espana-en-firmar-el-pacto-por-el-talento-con-la-fundacion-everis\/#breadcrumb"},"inLanguage":"es","potentialAction":[{"@type":"ReadAction","target":["https:\/\/fg.ull.es\/hemeroteca\/2013\/03\/22\/la-laguna-primer-municipio-de-espana-en-firmar-el-pacto-por-el-talento-con-la-fundacion-everis\/"]}]},{"@type":"ImageObject","inLanguage":"es","@id":"https:\/\/fg.ull.es\/hemeroteca\/2013\/03\/22\/la-laguna-primer-municipio-de-espana-en-firmar-el-pacto-por-el-talento-con-la-fundacion-everis\/#primaryimage","url":"https:\/\/fg.ull.es\/hemeroteca\/wp-content\/uploads\/sites\/14\/2015\/04\/1226_5h_pacto_talento.jpg","contentUrl":"https:\/\/fg.ull.es\/hemeroteca\/wp-content\/uploads\/sites\/14\/2015\/04\/1226_5h_pacto_talento.jpg","width":646,"height":289},{"@type":"BreadcrumbList","@id":"https:\/\/fg.ull.es\/hemeroteca\/2013\/03\/22\/la-laguna-primer-municipio-de-espana-en-firmar-el-pacto-por-el-talento-con-la-fundacion-everis\/#breadcrumb","itemListElement":[{"@type":"ListItem","position":1,"name":"Home","item":"https:\/\/fg.ull.es\/hemeroteca\/"},{"@type":"ListItem","position":2,"name":"La Laguna, primer municipio de Espa\u00f1a en firmar el &#039;Pacto por el Talento&#039; con la Fundaci\u00f3n Everis"}]},{"@type":"WebSite","@id":"https:\/\/fg.ull.es\/hemeroteca\/#website","url":"https:\/\/fg.ull.es\/hemeroteca\/","name":"Hist\u00f3rico de noticias de la Fundaci\u00f3n General","description":"","potentialAction":[{"@type":"SearchAction","target":{"@type":"EntryPoint","urlTemplate":"https:\/\/fg.ull.es\/hemeroteca\/?s={search_term_string}"},"query-input":{"@type":"PropertyValueSpecification","valueRequired":true,"valueName":"search_term_string"}}],"inLanguage":"es"},{"@type":"Person","@id":"https:\/\/fg.ull.es\/hemeroteca\/#\/schema\/person\/cf424320c3c543ecb9f15d3785219238","name":"fgull","image":{"@type":"ImageObject","inLanguage":"es","@id":"https:\/\/secure.gravatar.com\/avatar\/3b3f179500dd91d295ffa66543a853574e5676c5c7f8b31d00af1a80aadcafa4?s=96&d=mm&r=g","url":"https:\/\/secure.gravatar.com\/avatar\/3b3f179500dd91d295ffa66543a853574e5676c5c7f8b31d00af1a80aadcafa4?s=96&d=mm&r=g","contentUrl":"https:\/\/secure.gravatar.com\/avatar\/3b3f179500dd91d295ffa66543a853574e5676c5c7f8b31d00af1a80aadcafa4?s=96&d=mm&r=g","caption":"fgull"},"url":"https:\/\/fg.ull.es\/hemeroteca\/author\/fgull\/"}]}},"featured_image_thumbnail_url":"https:\/\/fg.ull.es\/hemeroteca\/wp-content\/uploads\/sites\/14\/2015\/04\/1226_5h_pacto_talento-300x134.jpg","_links":{"self":[{"href":"https:\/\/fg.ull.es\/hemeroteca\/wp-json\/wp\/v2\/posts\/11272","targetHints":{"allow":["GET"]}}],"collection":[{"href":"https:\/\/fg.ull.es\/hemeroteca\/wp-json\/wp\/v2\/posts"}],"about":[{"href":"https:\/\/fg.ull.es\/hemeroteca\/wp-json\/wp\/v2\/types\/post"}],"author":[{"embeddable":true,"href":"https:\/\/fg.ull.es\/hemeroteca\/wp-json\/wp\/v2\/users\/36"}],"replies":[{"embeddable":true,"href":"https:\/\/fg.ull.es\/hemeroteca\/wp-json\/wp\/v2\/comments?post=11272"}],"version-history":[{"count":0,"href":"https:\/\/fg.ull.es\/hemeroteca\/wp-json\/wp\/v2\/posts\/11272\/revisions"}],"wp:featuredmedia":[{"embeddable":true,"href":"https:\/\/fg.ull.es\/hemeroteca\/wp-json\/wp\/v2\/media\/11271"}],"wp:attachment":[{"href":"https:\/\/fg.ull.es\/hemeroteca\/wp-json\/wp\/v2\/media?parent=11272"}],"wp:term":[{"taxonomy":"category","embeddable":true,"href":"https:\/\/fg.ull.es\/hemeroteca\/wp-json\/wp\/v2\/categories?post=11272"},{"taxonomy":"post_tag","embeddable":true,"href":"https:\/\/fg.ull.es\/hemeroteca\/wp-json\/wp\/v2\/tags?post=11272"}],"curies":[{"name":"wp","href":"https:\/\/api.w.org\/{rel}","templated":true}]}}