{"id":11194,"date":"2013-03-12T14:54:12","date_gmt":"2013-03-12T14:54:12","guid":{"rendered":"http:\/\/www.fg.ull.es\/?p=11194"},"modified":"2013-03-12T14:54:12","modified_gmt":"2013-03-12T14:54:12","slug":"el-ayuntamiento-de-la-laguna-y-la-fundacion-general-de-la-ull-firmaron-un-convenio-de-colaboracion","status":"publish","type":"post","link":"https:\/\/fg.ull.es\/hemeroteca\/2013\/03\/12\/el-ayuntamiento-de-la-laguna-y-la-fundacion-general-de-la-ull-firmaron-un-convenio-de-colaboracion\/","title":{"rendered":"El Ayuntamiento de La Laguna y la Fundaci\u00f3n General de la ULL firmaron un convenio de colaboraci\u00f3n"},"content":{"rendered":"<p>La r\u00fabrica permitir\u00e1 profundizar en las acciones de colaboraci\u00f3n que ya se ven\u00edan realizando entre la FGULL y el consistorio lagunero.<\/p>\n<p style='text-align: justify'>El rector de la Universidad de La Laguna y presidente del Patronato de su Fundaci&oacute;n General, Eduardo Dom&eacute;nech, y el alcalde de La Laguna, Fernando Clavijo firmaron recientemente un convenio de colaboraci&oacute;n gracias al que se institucionaliza la l&iacute;nea de colaboraci&oacute;n ya iniciada con anterioridad por ambas entidades.<\/p>\n<p style='text-align: justify'>Con este acuerdo la Fundaci&oacute;n y el Ayuntamiento estrechan a&uacute;n m&aacute;s sus lazos para el desarrollo de proyectos conjuntos que permitan el desarrollo social, cultural y econ&oacute;mico del municipio.<\/p>\n<p style='text-align: justify'>As&iacute;, el texto recoge la posibilidad de desarrollar estudios y proyectos de investigaci&oacute;n, actuaciones espec&iacute;ficas para promover e inculcar una cultura innovadora y un esp&iacute;ritu emprendedor en la sociedad, a trav&eacute;s de la realizaci&oacute;n de acciones dirigidas a diferentes colectivos. Tambi&eacute;n se incluye el desarrollo de programas de formaci&oacute;n complementaria y continua o el desarrollo de programas de mejora de la inserci&oacute;n laboral de estudiantes y egresados universitarios,&nbsp; a trav&eacute;s de becas formativas, pr&aacute;cticas y bolsas de empleo.<\/p>\n<p style='text-align: justify'>La Fundaci&oacute;n General de la ULL, aportar&aacute; su experiencia y garant&iacute;as en la ejecuci&oacute;n y gesti&oacute;n de proyectos vinculados al desarrollo social.<\/p>\n<p style='text-align: justify'>&nbsp;<\/p>\n","protected":false},"excerpt":{"rendered":"<p>La r\u00fabrica permitir\u00e1 profundizar en las acciones de colaboraci\u00f3n que ya se ven\u00edan realizando entre la FGULL y el consistorio lagunero.<\/p>\n","protected":false},"author":36,"featured_media":11193,"comment_status":"closed","ping_status":"open","sticky":false,"template":"","format":"standard","meta":{"footnotes":""},"categories":[3,5,6],"tags":[173,518,1424],"featured_image_thumbnail_url":"https:\/\/fg.ull.es\/hemeroteca\/wp-content\/uploads\/sites\/14\/2015\/04\/1197_rr_convenio_ayto-300x201.jpg","_links":{"self":[{"href":"https:\/\/fg.ull.es\/hemeroteca\/wp-json\/wp\/v2\/posts\/11194"}],"collection":[{"href":"https:\/\/fg.ull.es\/hemeroteca\/wp-json\/wp\/v2\/posts"}],"about":[{"href":"https:\/\/fg.ull.es\/hemeroteca\/wp-json\/wp\/v2\/types\/post"}],"author":[{"embeddable":true,"href":"https:\/\/fg.ull.es\/hemeroteca\/wp-json\/wp\/v2\/users\/36"}],"replies":[{"embeddable":true,"href":"https:\/\/fg.ull.es\/hemeroteca\/wp-json\/wp\/v2\/comments?post=11194"}],"version-history":[{"count":0,"href":"https:\/\/fg.ull.es\/hemeroteca\/wp-json\/wp\/v2\/posts\/11194\/revisions"}],"wp:featuredmedia":[{"embeddable":true,"href":"https:\/\/fg.ull.es\/hemeroteca\/wp-json\/wp\/v2\/media\/11193"}],"wp:attachment":[{"href":"https:\/\/fg.ull.es\/hemeroteca\/wp-json\/wp\/v2\/media?parent=11194"}],"wp:term":[{"taxonomy":"category","embeddable":true,"href":"https:\/\/fg.ull.es\/hemeroteca\/wp-json\/wp\/v2\/categories?post=11194"},{"taxonomy":"post_tag","embeddable":true,"href":"https:\/\/fg.ull.es\/hemeroteca\/wp-json\/wp\/v2\/tags?post=11194"}],"curies":[{"name":"wp","href":"https:\/\/api.w.org\/{rel}","templated":true}]}}