{"id":11182,"date":"2013-03-12T10:20:09","date_gmt":"2013-03-12T10:20:09","guid":{"rendered":"http:\/\/www.fg.ull.es\/?p=11182"},"modified":"2013-03-12T10:20:09","modified_gmt":"2013-03-12T10:20:09","slug":"la-consejera-de-empleo-e-industria-visito-las-dependencias-de-la-fundacion-general-de-la-ull-y-del-parque-tecnologico-de-tenerife","status":"publish","type":"post","link":"https:\/\/fg.ull.es\/hemeroteca\/2013\/03\/12\/la-consejera-de-empleo-e-industria-visito-las-dependencias-de-la-fundacion-general-de-la-ull-y-del-parque-tecnologico-de-tenerife\/","title":{"rendered":"La consejera de Empleo e Industria visit\u00f3 las dependencias  de la Fundaci\u00f3n General de la ULL y del Parque Tecnol\u00f3gico de Tenerife"},"content":{"rendered":"<p>La Consejera Empleo, Industria y Comercio del Gobierno de Canarias, Francisca Luengo,realiz\u00f3 el pasado viernes 8 de marzo, una visita institucional a la Universidad de La Laguna, durante la cual mantuvo una reuni\u00f3n con el rector, Eduardo Dom\u00e9nech.<\/p>\n<p>Posteriormente, pudo conocer  las dependencias del Parque Cient&iacute;fico y Tecnol&oacute;gico de Tenerife  ubicadas en la Torre Profesor Agust&iacute;n Ar&eacute;valo del centro docente, as&iacute;  como las pol&iacute;ticas de inserci&oacute;n laboral llevadas a cabo por la Fundaci&oacute;n  General de la ULL (FGULL).<\/p>\n<p style='text-align: justify'>Adem&aacute;s del rector y la consejera, en esta visita tambi&eacute;n participaron  la vicerrectora de Investigaci&oacute;n y Transferencia del Conocimiento,  Catalina Ruiz; el vicerrector de Internacionalizaci&oacute;n y Excelencia,  Rodrigo Trujillo; el director gerente de la FGULL, Sergio Alonso; y el  consejero delegado del Instituto Tecnol&oacute;gico de Canarias (ITC), Ricardo  Guerrero.<\/p>\n<p> Durante su reuni&oacute;n, el rector y la consejera abordaron asuntos como el  proyecto de creaci&oacute;n del Parque Tecnol&oacute;gico de La Laguna en las  dependencias que la instituci&oacute;n acad&eacute;mica posee en el inmueble del hogar  gomero, actualmente en desuso. De este modo se podr&aacute; crear laboratorios  especializado en materias como sostenibilidad, energ&iacute;a o agua, entre  otras, que a medio plazo puedan ser la base para crear empresas basadas  en el conocimiento. <\/p>\n<p> Tambi&eacute;n se abord&oacute; la mejora de las relaciones entre la ULL y el  Instituto Tecnol&oacute;gico de Canarias para le desarrollo de proyectos  comunes amparados por la financiaci&oacute;n de los Fondos Jeremie del  Instituto de Cr&eacute;dito Oficial (ICO). Tambi&eacute;n se abordaron diferentes  planes para favorecer la inserci&oacute;n laboral de los egresados en empresas.<\/p>\n<p> La consejera aprovech&oacute; la circunstancia de que la visita se celebr&oacute; el 8  de marzo, D&iacute;a internacional de las Mujeres, para reivindicar la  iniciativa empresarial femenina, por lo que destac&oacute; que en el &uacute;ltimo a&ntilde;o  se hab&iacute;a producido un notable incremento de mujeres emprendedoras, que  hab&iacute;a pasado de unas 6.500 a unas 10.500.<\/p>\n<p> Luengo tambi&eacute;n puso en valor la formaci&oacute;n, y record&oacute; a los j&oacute;venes que  en estos momentos de recesi&oacute;n era importante apostar por la educaci&oacute;n,  ya que aquellas personas mejor formadas ser&aacute;n las que tengan mayores  posibilidades de empleabilidad. En ese sentido, se&ntilde;al&oacute; el compromiso de  su departamento por desarrollar un Plan de Inserci&oacute;n Laboral Juvenil.<\/p>\n<p> Por su parte, el consejero delegado del ITC recalc&oacute; el inter&eacute;s de su  instituci&oacute;n por colaborar con quienes entiende que deben ser sus  principales socios, las universidades canarias. Para ello han  establecido diferentes medios de colaboraci&oacute;n mutua para lograr su  objetivo principal: dise&ntilde;ar el futuro tecnol&oacute;gico de Canarias. El ITC  tambi&eacute;n puede servir de puente entre el mundo de la empresa y el de la  investigaci&oacute;n, favoreciendo la iniciativa empresarial basada en los  desarrollos tecnol&oacute;gicos.<\/p>\n<p> Durante la visita, el director gerente y algunos t&eacute;cnicos de la FGULL  mostraron a la consejera las diferentes iniciativas que desarrolla la  fundaci&oacute;n para favorecer las pr&aacute;cticas en empresas, la inserci&oacute;n laboral  de los egresados y el fomento de la cultura emprendedora entre el  alumnado.<\/p>\n<p style='text-align: justify'>*Nota cedida ULL<\/p>\n","protected":false},"excerpt":{"rendered":"<p>La Consejera Empleo, Industria y Comercio del Gobierno de Canarias, Francisca Luengo,realiz\u00f3 el pasado viernes 8 de marzo, una visita institucional a la Universidad de La Laguna, durante la cual mantuvo una reuni\u00f3n con el rector, Eduardo Dom\u00e9nech.<\/p>\n","protected":false},"author":36,"featured_media":11181,"comment_status":"closed","ping_status":"open","sticky":false,"template":"","format":"standard","meta":{"footnotes":""},"categories":[7],"tags":[173,518,1424],"featured_image_thumbnail_url":"https:\/\/fg.ull.es\/hemeroteca\/wp-content\/uploads\/sites\/14\/2015\/04\/1194_qj_visita_consj_industria_torre_21-300x205.jpg","_links":{"self":[{"href":"https:\/\/fg.ull.es\/hemeroteca\/wp-json\/wp\/v2\/posts\/11182"}],"collection":[{"href":"https:\/\/fg.ull.es\/hemeroteca\/wp-json\/wp\/v2\/posts"}],"about":[{"href":"https:\/\/fg.ull.es\/hemeroteca\/wp-json\/wp\/v2\/types\/post"}],"author":[{"embeddable":true,"href":"https:\/\/fg.ull.es\/hemeroteca\/wp-json\/wp\/v2\/users\/36"}],"replies":[{"embeddable":true,"href":"https:\/\/fg.ull.es\/hemeroteca\/wp-json\/wp\/v2\/comments?post=11182"}],"version-history":[{"count":0,"href":"https:\/\/fg.ull.es\/hemeroteca\/wp-json\/wp\/v2\/posts\/11182\/revisions"}],"wp:featuredmedia":[{"embeddable":true,"href":"https:\/\/fg.ull.es\/hemeroteca\/wp-json\/wp\/v2\/media\/11181"}],"wp:attachment":[{"href":"https:\/\/fg.ull.es\/hemeroteca\/wp-json\/wp\/v2\/media?parent=11182"}],"wp:term":[{"taxonomy":"category","embeddable":true,"href":"https:\/\/fg.ull.es\/hemeroteca\/wp-json\/wp\/v2\/categories?post=11182"},{"taxonomy":"post_tag","embeddable":true,"href":"https:\/\/fg.ull.es\/hemeroteca\/wp-json\/wp\/v2\/tags?post=11182"}],"curies":[{"name":"wp","href":"https:\/\/api.w.org\/{rel}","templated":true}]}}