{"id":11176,"date":"2013-03-08T16:19:40","date_gmt":"2013-03-08T16:19:40","guid":{"rendered":"http:\/\/www.fg.ull.es\/?p=11176"},"modified":"2013-03-08T16:19:40","modified_gmt":"2013-03-08T16:19:40","slug":"la-fgull-manifiesta-su-compromiso-con-las-politicas-de-igualdad-en-el-dia-internacional-de-la-mujer","status":"publish","type":"post","link":"https:\/\/fg.ull.es\/hemeroteca\/2013\/03\/08\/la-fgull-manifiesta-su-compromiso-con-las-politicas-de-igualdad-en-el-dia-internacional-de-la-mujer\/","title":{"rendered":"La FGULL manifiesta su compromiso con las pol\u00edticas de igualdad en el D\u00eda Internacional de la Mujer"},"content":{"rendered":"<p>La Fundaci\u00f3n General, que cuenta desde hace poco m\u00e1s de un a\u00f1o con una Comisi\u00f3n de Igualdad, desea sumarse a la conmemoraci\u00f3n de este d\u00eda y expresar su compromiso con la aplicaci\u00f3n de pol\u00edticas de igualdad.<\/p>\n<p>La Fundaci&oacute;n General de la Universidad de La Laguna se hacer part&iacute;cipe del D&iacute;a Internacional de las Mujeres expresando su compromiso con el desarrollo de condiciones y acciones que granticen y fomenten la igualdad real entre hombres y mujeres, tanto en el entorno laboral, como en las acciones desarrolladas por la propia Fundaci&oacute;n.<\/p>\n<p>Desde junio de 2012 la Fundaci&oacute;n cuenta con un Plan de Igualdad a trav&eacute;s del que se ha creado una Comisi&oacute;n de Igualdad que se re&uacute;ne peri&oacute;dicamente para tratar temas de este &aacute;mbito y evaluar la correcta aplicaci&oacute;n del Plan.<\/p>\n<p>Se recomienda en este d&iacute;a, la lectura del<a href='http:\/\/www.ull.es\/Private\/folder\/institucional\/ull\/wull\/destacados\/manifiesto_8marzo.pdf'> manifiesto suscrito por la Universidad de La Laguna<\/a>.<\/p>\n<p>&nbsp;<\/p>\n","protected":false},"excerpt":{"rendered":"<p>La Fundaci\u00f3n General, que cuenta desde hace poco m\u00e1s de un a\u00f1o con una Comisi\u00f3n de Igualdad, desea sumarse a la conmemoraci\u00f3n de este d\u00eda y expresar su compromiso con la aplicaci\u00f3n de pol\u00edticas de igualdad.<\/p>\n","protected":false},"author":36,"featured_media":11175,"comment_status":"closed","ping_status":"open","sticky":false,"template":"","format":"standard","meta":{"footnotes":""},"categories":[6],"tags":[173,1223,1424],"featured_image_thumbnail_url":"https:\/\/fg.ull.es\/hemeroteca\/wp-content\/uploads\/sites\/14\/2015\/04\/1192_4b_cartel8m13-215x300.png","_links":{"self":[{"href":"https:\/\/fg.ull.es\/hemeroteca\/wp-json\/wp\/v2\/posts\/11176"}],"collection":[{"href":"https:\/\/fg.ull.es\/hemeroteca\/wp-json\/wp\/v2\/posts"}],"about":[{"href":"https:\/\/fg.ull.es\/hemeroteca\/wp-json\/wp\/v2\/types\/post"}],"author":[{"embeddable":true,"href":"https:\/\/fg.ull.es\/hemeroteca\/wp-json\/wp\/v2\/users\/36"}],"replies":[{"embeddable":true,"href":"https:\/\/fg.ull.es\/hemeroteca\/wp-json\/wp\/v2\/comments?post=11176"}],"version-history":[{"count":0,"href":"https:\/\/fg.ull.es\/hemeroteca\/wp-json\/wp\/v2\/posts\/11176\/revisions"}],"wp:featuredmedia":[{"embeddable":true,"href":"https:\/\/fg.ull.es\/hemeroteca\/wp-json\/wp\/v2\/media\/11175"}],"wp:attachment":[{"href":"https:\/\/fg.ull.es\/hemeroteca\/wp-json\/wp\/v2\/media?parent=11176"}],"wp:term":[{"taxonomy":"category","embeddable":true,"href":"https:\/\/fg.ull.es\/hemeroteca\/wp-json\/wp\/v2\/categories?post=11176"},{"taxonomy":"post_tag","embeddable":true,"href":"https:\/\/fg.ull.es\/hemeroteca\/wp-json\/wp\/v2\/tags?post=11176"}],"curies":[{"name":"wp","href":"https:\/\/api.w.org\/{rel}","templated":true}]}}