{"id":11170,"date":"2013-03-08T10:28:51","date_gmt":"2013-03-08T10:28:51","guid":{"rendered":"http:\/\/www.fg.ull.es\/?p=11170"},"modified":"2013-03-08T10:28:51","modified_gmt":"2013-03-08T10:28:51","slug":"el-centro-padre-larana-participa-en-el-proyecto-de-cooperativas-escolares-disena-tu-futuro","status":"publish","type":"post","link":"https:\/\/fg.ull.es\/hemeroteca\/2013\/03\/08\/el-centro-padre-larana-participa-en-el-proyecto-de-cooperativas-escolares-disena-tu-futuro\/","title":{"rendered":"El Centro Padre Lara\u00f1a participa en el proyecto de cooperativas escolares &#039;Dise\u00f1a Tu Futuro&#039;"},"content":{"rendered":"<p>Veinte j\u00f3venes menores de edad que acuden al centro de atenci\u00f3n al menor &#8216;Padre Lara\u00f1a&#8217; han creado sus productos textiles para participar en la Feria de Cooperativas Escolares el pr\u00f3ximo 19 de marzo<\/p>\n<p style='text-align: justify'>Un grupo de menores con edades comprendidas entre los once y los diecisiete a&ntilde;os que reciben apoyo asistencial en el <a href='http:\/\/asociacionpadrelarana.org\/' target=\"_blank\" rel=\"noopener\">Centro Padre Lara&ntilde;a<\/a> han elaborado de forma artesanal una serie de productos textiles dentro del Programa Educativo <em>Dise&ntilde;a Tu Futuro<\/em>. Pero para ello, previamente, han debido constituirse como cooperativa, siguiendo el itinerario formativo que propone este proyecto.<\/p>\n<p style='text-align: justify'>Los chicos y chicas de esta Asociaci&oacute;n han sido protagonistas del proceso de creaci&oacute;n de una empresa&nbsp; adquiriendo de forma pr&aacute;ctica conocimientos espec&iacute;ficos de econom&iacute;a, mercado, administraci&oacute;n y gesti&oacute;n de recursos humanos.<\/p>\n<p style='text-align: justify'>Se trata, en definitiva, de fomentar la cultura emprendedora, promoviendo cambios de actitud que animen a estos j&oacute;venes a lanzarse a tener iniciativas creativas sin miedo al fracaso. En el proceso este equipo ha aprendido a colaborar, a coordinarse, a asumir responsabilidades y a superar conflictos. El resultado final son prendas decoradas con sumo cuidado y calzado deportivo coloreado con gran habilidad.<\/p>\n<p style='text-align: justify'>El pr&oacute;ximo 19 de marzo el grupo de j&oacute;venes se encontrar&aacute; con los ni&ntilde;os y ni&ntilde;as de los colegios de Chamber&iacute; y Rodr&iacute;guez Campos en un d&iacute;a de Feria en el que tratar&aacute;n de vender toda su producci&oacute;n, en lo que pretende ser una sana pr&aacute;ctica de competencia comercial. El dinero recaudado se destinar&aacute; a un colectivo que lo necesite, puede que sea al propio centro Padre Lara&ntilde;a, pero ese aspecto lo decidir&aacute; la Cooperativa una vez concluida la Feria.<\/p>\n<p style='text-align: justify'><em>Dise&ntilde;a Tu Futuro <\/em>ha sido acogido con alegr&iacute;a por parte del equipo de educativo de Padre Lara&ntilde;a ya que casa con su objetivo fundamental de ofrecer apoyo educativo a trav&eacute;s del juego, sobre todo con los adolescentes, ofertando alternativas al ocio marginal.<\/p>\n<p style='text-align: justify'>Este proyecto est&aacute; impulsado por el <a href='http:\/\/www.pctt.es\/' target=\"_blank\" rel=\"noopener\">PCTT (Parque Cient&iacute;fico y Tecnol&oacute;gico de Tenerife)<\/a> y el programa de la Direcci&oacute;n General de Industria y de la Peque&ntilde;a y Mediana Empresa <em>Emprendemos Juntos<\/em> con el que se quiere incentivar una pol&iacute;tica p&uacute;blica innovadora de apoyo al emprendimiento. La gesti&oacute;n y ejecuci&oacute;n ha corrido a cargo de la Fundaci&oacute;n General de la Universidad de La Laguna.<\/p>\n<p style='text-align: justify'>&nbsp;<\/p>\n","protected":false},"excerpt":{"rendered":"<p>Veinte j\u00f3venes menores de edad que acuden al centro de atenci\u00f3n al menor &#8216;Padre Lara\u00f1a&#8217; han creado sus productos textiles para participar en la Feria de Cooperativas Escolares el pr\u00f3ximo 19 de marzo<\/p>\n","protected":false},"author":36,"featured_media":11169,"comment_status":"closed","ping_status":"open","sticky":false,"template":"","format":"standard","meta":{"footnotes":""},"categories":[3],"tags":[173,541,1192,1424],"class_list":["post-11170","post","type-post","status-publish","format-standard","has-post-thumbnail","hentry","category-empleo","tag-archivados","tag-emprendimiento","tag-proyectos-educativos","tag-universidad"],"yoast_head":"<!-- This site is optimized with the Yoast SEO plugin v28.2 - https:\/\/yoast.com\/product\/yoast-seo-wordpress\/ -->\n<title>El Centro Padre Lara\u00f1a participa en el proyecto de cooperativas escolares &#039;Dise\u00f1a Tu Futuro&#039; - Hist\u00f3rico de noticias de la Fundaci\u00f3n General<\/title>\n<meta name=\"robots\" content=\"index, follow, max-snippet:-1, max-image-preview:large, max-video-preview:-1\" \/>\n<link rel=\"canonical\" href=\"https:\/\/fg.ull.es\/hemeroteca\/2013\/03\/08\/el-centro-padre-larana-participa-en-el-proyecto-de-cooperativas-escolares-disena-tu-futuro\/\" \/>\n<meta property=\"og:locale\" content=\"es_ES\" \/>\n<meta property=\"og:type\" content=\"article\" \/>\n<meta property=\"og:title\" content=\"El Centro Padre Lara\u00f1a participa en el proyecto de cooperativas escolares &#039;Dise\u00f1a Tu Futuro&#039; - Hist\u00f3rico de noticias de la Fundaci\u00f3n General\" \/>\n<meta property=\"og:description\" content=\"Veinte j\u00f3venes menores de edad que acuden al centro de atenci\u00f3n al menor &#039;Padre Lara\u00f1a&#039; han creado sus productos textiles para participar en la Feria de Cooperativas Escolares el pr\u00f3ximo 19 de marzo\" \/>\n<meta property=\"og:url\" content=\"https:\/\/fg.ull.es\/hemeroteca\/2013\/03\/08\/el-centro-padre-larana-participa-en-el-proyecto-de-cooperativas-escolares-disena-tu-futuro\/\" \/>\n<meta property=\"og:site_name\" content=\"Hist\u00f3rico de noticias de la Fundaci\u00f3n General\" \/>\n<meta property=\"article:published_time\" content=\"2013-03-08T10:28:51+00:00\" \/>\n<meta property=\"og:image\" content=\"https:\/\/fg.ull.es\/hemeroteca\/wp-content\/uploads\/sites\/14\/2015\/04\/1190_fs_smpadre_larana_04.jpg\" \/>\n\t<meta property=\"og:image:width\" content=\"2128\" \/>\n\t<meta property=\"og:image:height\" content=\"1416\" \/>\n\t<meta property=\"og:image:type\" content=\"image\/jpeg\" \/>\n<meta name=\"author\" content=\"fgull\" \/>\n<meta name=\"twitter:card\" content=\"summary_large_image\" \/>\n<meta name=\"twitter:label1\" content=\"Escrito por\" \/>\n\t<meta name=\"twitter:data1\" content=\"fgull\" \/>\n\t<meta name=\"twitter:label2\" content=\"Tiempo de lectura\" \/>\n\t<meta name=\"twitter:data2\" content=\"2 minutos\" \/>\n<script type=\"application\/ld+json\" class=\"yoast-schema-graph\">{\"@context\":\"https:\\\/\\\/schema.org\",\"@graph\":[{\"@type\":\"Article\",\"@id\":\"https:\\\/\\\/fg.ull.es\\\/hemeroteca\\\/2013\\\/03\\\/08\\\/el-centro-padre-larana-participa-en-el-proyecto-de-cooperativas-escolares-disena-tu-futuro\\\/#article\",\"isPartOf\":{\"@id\":\"https:\\\/\\\/fg.ull.es\\\/hemeroteca\\\/2013\\\/03\\\/08\\\/el-centro-padre-larana-participa-en-el-proyecto-de-cooperativas-escolares-disena-tu-futuro\\\/\"},\"author\":{\"name\":\"fgull\",\"@id\":\"https:\\\/\\\/fg.ull.es\\\/hemeroteca\\\/#\\\/schema\\\/person\\\/cf424320c3c543ecb9f15d3785219238\"},\"headline\":\"El Centro Padre Lara\u00f1a participa en el proyecto de cooperativas escolares &#039;Dise\u00f1a Tu Futuro&#039;\",\"datePublished\":\"2013-03-08T10:28:51+00:00\",\"mainEntityOfPage\":{\"@id\":\"https:\\\/\\\/fg.ull.es\\\/hemeroteca\\\/2013\\\/03\\\/08\\\/el-centro-padre-larana-participa-en-el-proyecto-de-cooperativas-escolares-disena-tu-futuro\\\/\"},\"wordCount\":462,\"image\":{\"@id\":\"https:\\\/\\\/fg.ull.es\\\/hemeroteca\\\/2013\\\/03\\\/08\\\/el-centro-padre-larana-participa-en-el-proyecto-de-cooperativas-escolares-disena-tu-futuro\\\/#primaryimage\"},\"thumbnailUrl\":\"https:\\\/\\\/fg.ull.es\\\/hemeroteca\\\/wp-content\\\/uploads\\\/sites\\\/14\\\/2015\\\/04\\\/1190_fs_smpadre_larana_04.jpg\",\"keywords\":[\"Archivados\",\"Emprendimiento\",\"proyectos educativos\",\"Universidad\"],\"articleSection\":[\"Empleo\"],\"inLanguage\":\"es\"},{\"@type\":\"WebPage\",\"@id\":\"https:\\\/\\\/fg.ull.es\\\/hemeroteca\\\/2013\\\/03\\\/08\\\/el-centro-padre-larana-participa-en-el-proyecto-de-cooperativas-escolares-disena-tu-futuro\\\/\",\"url\":\"https:\\\/\\\/fg.ull.es\\\/hemeroteca\\\/2013\\\/03\\\/08\\\/el-centro-padre-larana-participa-en-el-proyecto-de-cooperativas-escolares-disena-tu-futuro\\\/\",\"name\":\"El Centro Padre Lara\u00f1a participa en el proyecto de cooperativas escolares &#039;Dise\u00f1a Tu Futuro&#039; - Hist\u00f3rico de noticias de la Fundaci\u00f3n General\",\"isPartOf\":{\"@id\":\"https:\\\/\\\/fg.ull.es\\\/hemeroteca\\\/#website\"},\"primaryImageOfPage\":{\"@id\":\"https:\\\/\\\/fg.ull.es\\\/hemeroteca\\\/2013\\\/03\\\/08\\\/el-centro-padre-larana-participa-en-el-proyecto-de-cooperativas-escolares-disena-tu-futuro\\\/#primaryimage\"},\"image\":{\"@id\":\"https:\\\/\\\/fg.ull.es\\\/hemeroteca\\\/2013\\\/03\\\/08\\\/el-centro-padre-larana-participa-en-el-proyecto-de-cooperativas-escolares-disena-tu-futuro\\\/#primaryimage\"},\"thumbnailUrl\":\"https:\\\/\\\/fg.ull.es\\\/hemeroteca\\\/wp-content\\\/uploads\\\/sites\\\/14\\\/2015\\\/04\\\/1190_fs_smpadre_larana_04.jpg\",\"datePublished\":\"2013-03-08T10:28:51+00:00\",\"author\":{\"@id\":\"https:\\\/\\\/fg.ull.es\\\/hemeroteca\\\/#\\\/schema\\\/person\\\/cf424320c3c543ecb9f15d3785219238\"},\"breadcrumb\":{\"@id\":\"https:\\\/\\\/fg.ull.es\\\/hemeroteca\\\/2013\\\/03\\\/08\\\/el-centro-padre-larana-participa-en-el-proyecto-de-cooperativas-escolares-disena-tu-futuro\\\/#breadcrumb\"},\"inLanguage\":\"es\",\"potentialAction\":[{\"@type\":\"ReadAction\",\"target\":[\"https:\\\/\\\/fg.ull.es\\\/hemeroteca\\\/2013\\\/03\\\/08\\\/el-centro-padre-larana-participa-en-el-proyecto-de-cooperativas-escolares-disena-tu-futuro\\\/\"]}]},{\"@type\":\"ImageObject\",\"inLanguage\":\"es\",\"@id\":\"https:\\\/\\\/fg.ull.es\\\/hemeroteca\\\/2013\\\/03\\\/08\\\/el-centro-padre-larana-participa-en-el-proyecto-de-cooperativas-escolares-disena-tu-futuro\\\/#primaryimage\",\"url\":\"https:\\\/\\\/fg.ull.es\\\/hemeroteca\\\/wp-content\\\/uploads\\\/sites\\\/14\\\/2015\\\/04\\\/1190_fs_smpadre_larana_04.jpg\",\"contentUrl\":\"https:\\\/\\\/fg.ull.es\\\/hemeroteca\\\/wp-content\\\/uploads\\\/sites\\\/14\\\/2015\\\/04\\\/1190_fs_smpadre_larana_04.jpg\",\"width\":2128,\"height\":1416},{\"@type\":\"BreadcrumbList\",\"@id\":\"https:\\\/\\\/fg.ull.es\\\/hemeroteca\\\/2013\\\/03\\\/08\\\/el-centro-padre-larana-participa-en-el-proyecto-de-cooperativas-escolares-disena-tu-futuro\\\/#breadcrumb\",\"itemListElement\":[{\"@type\":\"ListItem\",\"position\":1,\"name\":\"Home\",\"item\":\"https:\\\/\\\/fg.ull.es\\\/hemeroteca\\\/\"},{\"@type\":\"ListItem\",\"position\":2,\"name\":\"El Centro Padre Lara\u00f1a participa en el proyecto de cooperativas escolares &#039;Dise\u00f1a Tu Futuro&#039;\"}]},{\"@type\":\"WebSite\",\"@id\":\"https:\\\/\\\/fg.ull.es\\\/hemeroteca\\\/#website\",\"url\":\"https:\\\/\\\/fg.ull.es\\\/hemeroteca\\\/\",\"name\":\"Hist\u00f3rico de noticias de la Fundaci\u00f3n General\",\"description\":\"\",\"potentialAction\":[{\"@type\":\"SearchAction\",\"target\":{\"@type\":\"EntryPoint\",\"urlTemplate\":\"https:\\\/\\\/fg.ull.es\\\/hemeroteca\\\/?s={search_term_string}\"},\"query-input\":{\"@type\":\"PropertyValueSpecification\",\"valueRequired\":true,\"valueName\":\"search_term_string\"}}],\"inLanguage\":\"es\"},{\"@type\":\"Person\",\"@id\":\"https:\\\/\\\/fg.ull.es\\\/hemeroteca\\\/#\\\/schema\\\/person\\\/cf424320c3c543ecb9f15d3785219238\",\"name\":\"fgull\",\"image\":{\"@type\":\"ImageObject\",\"inLanguage\":\"es\",\"@id\":\"https:\\\/\\\/secure.gravatar.com\\\/avatar\\\/3b3f179500dd91d295ffa66543a853574e5676c5c7f8b31d00af1a80aadcafa4?s=96&d=mm&r=g\",\"url\":\"https:\\\/\\\/secure.gravatar.com\\\/avatar\\\/3b3f179500dd91d295ffa66543a853574e5676c5c7f8b31d00af1a80aadcafa4?s=96&d=mm&r=g\",\"contentUrl\":\"https:\\\/\\\/secure.gravatar.com\\\/avatar\\\/3b3f179500dd91d295ffa66543a853574e5676c5c7f8b31d00af1a80aadcafa4?s=96&d=mm&r=g\",\"caption\":\"fgull\"},\"url\":\"https:\\\/\\\/fg.ull.es\\\/hemeroteca\\\/author\\\/fgull\\\/\"}]}<\/script>\n<!-- \/ Yoast SEO plugin. -->","yoast_head_json":{"title":"El Centro Padre Lara\u00f1a participa en el proyecto de cooperativas escolares &#039;Dise\u00f1a Tu Futuro&#039; - Hist\u00f3rico de noticias de la Fundaci\u00f3n General","robots":{"index":"index","follow":"follow","max-snippet":"max-snippet:-1","max-image-preview":"max-image-preview:large","max-video-preview":"max-video-preview:-1"},"canonical":"https:\/\/fg.ull.es\/hemeroteca\/2013\/03\/08\/el-centro-padre-larana-participa-en-el-proyecto-de-cooperativas-escolares-disena-tu-futuro\/","og_locale":"es_ES","og_type":"article","og_title":"El Centro Padre Lara\u00f1a participa en el proyecto de cooperativas escolares &#039;Dise\u00f1a Tu Futuro&#039; - Hist\u00f3rico de noticias de la Fundaci\u00f3n General","og_description":"Veinte j\u00f3venes menores de edad que acuden al centro de atenci\u00f3n al menor 'Padre Lara\u00f1a' han creado sus productos textiles para participar en la Feria de Cooperativas Escolares el pr\u00f3ximo 19 de marzo","og_url":"https:\/\/fg.ull.es\/hemeroteca\/2013\/03\/08\/el-centro-padre-larana-participa-en-el-proyecto-de-cooperativas-escolares-disena-tu-futuro\/","og_site_name":"Hist\u00f3rico de noticias de la Fundaci\u00f3n General","article_published_time":"2013-03-08T10:28:51+00:00","og_image":[{"width":2128,"height":1416,"url":"https:\/\/fg.ull.es\/hemeroteca\/wp-content\/uploads\/sites\/14\/2015\/04\/1190_fs_smpadre_larana_04.jpg","type":"image\/jpeg"}],"author":"fgull","twitter_card":"summary_large_image","twitter_misc":{"Escrito por":"fgull","Tiempo de lectura":"2 minutos"},"schema":{"@context":"https:\/\/schema.org","@graph":[{"@type":"Article","@id":"https:\/\/fg.ull.es\/hemeroteca\/2013\/03\/08\/el-centro-padre-larana-participa-en-el-proyecto-de-cooperativas-escolares-disena-tu-futuro\/#article","isPartOf":{"@id":"https:\/\/fg.ull.es\/hemeroteca\/2013\/03\/08\/el-centro-padre-larana-participa-en-el-proyecto-de-cooperativas-escolares-disena-tu-futuro\/"},"author":{"name":"fgull","@id":"https:\/\/fg.ull.es\/hemeroteca\/#\/schema\/person\/cf424320c3c543ecb9f15d3785219238"},"headline":"El Centro Padre Lara\u00f1a participa en el proyecto de cooperativas escolares &#039;Dise\u00f1a Tu Futuro&#039;","datePublished":"2013-03-08T10:28:51+00:00","mainEntityOfPage":{"@id":"https:\/\/fg.ull.es\/hemeroteca\/2013\/03\/08\/el-centro-padre-larana-participa-en-el-proyecto-de-cooperativas-escolares-disena-tu-futuro\/"},"wordCount":462,"image":{"@id":"https:\/\/fg.ull.es\/hemeroteca\/2013\/03\/08\/el-centro-padre-larana-participa-en-el-proyecto-de-cooperativas-escolares-disena-tu-futuro\/#primaryimage"},"thumbnailUrl":"https:\/\/fg.ull.es\/hemeroteca\/wp-content\/uploads\/sites\/14\/2015\/04\/1190_fs_smpadre_larana_04.jpg","keywords":["Archivados","Emprendimiento","proyectos educativos","Universidad"],"articleSection":["Empleo"],"inLanguage":"es"},{"@type":"WebPage","@id":"https:\/\/fg.ull.es\/hemeroteca\/2013\/03\/08\/el-centro-padre-larana-participa-en-el-proyecto-de-cooperativas-escolares-disena-tu-futuro\/","url":"https:\/\/fg.ull.es\/hemeroteca\/2013\/03\/08\/el-centro-padre-larana-participa-en-el-proyecto-de-cooperativas-escolares-disena-tu-futuro\/","name":"El Centro Padre Lara\u00f1a participa en el proyecto de cooperativas escolares &#039;Dise\u00f1a Tu Futuro&#039; - Hist\u00f3rico de noticias de la Fundaci\u00f3n General","isPartOf":{"@id":"https:\/\/fg.ull.es\/hemeroteca\/#website"},"primaryImageOfPage":{"@id":"https:\/\/fg.ull.es\/hemeroteca\/2013\/03\/08\/el-centro-padre-larana-participa-en-el-proyecto-de-cooperativas-escolares-disena-tu-futuro\/#primaryimage"},"image":{"@id":"https:\/\/fg.ull.es\/hemeroteca\/2013\/03\/08\/el-centro-padre-larana-participa-en-el-proyecto-de-cooperativas-escolares-disena-tu-futuro\/#primaryimage"},"thumbnailUrl":"https:\/\/fg.ull.es\/hemeroteca\/wp-content\/uploads\/sites\/14\/2015\/04\/1190_fs_smpadre_larana_04.jpg","datePublished":"2013-03-08T10:28:51+00:00","author":{"@id":"https:\/\/fg.ull.es\/hemeroteca\/#\/schema\/person\/cf424320c3c543ecb9f15d3785219238"},"breadcrumb":{"@id":"https:\/\/fg.ull.es\/hemeroteca\/2013\/03\/08\/el-centro-padre-larana-participa-en-el-proyecto-de-cooperativas-escolares-disena-tu-futuro\/#breadcrumb"},"inLanguage":"es","potentialAction":[{"@type":"ReadAction","target":["https:\/\/fg.ull.es\/hemeroteca\/2013\/03\/08\/el-centro-padre-larana-participa-en-el-proyecto-de-cooperativas-escolares-disena-tu-futuro\/"]}]},{"@type":"ImageObject","inLanguage":"es","@id":"https:\/\/fg.ull.es\/hemeroteca\/2013\/03\/08\/el-centro-padre-larana-participa-en-el-proyecto-de-cooperativas-escolares-disena-tu-futuro\/#primaryimage","url":"https:\/\/fg.ull.es\/hemeroteca\/wp-content\/uploads\/sites\/14\/2015\/04\/1190_fs_smpadre_larana_04.jpg","contentUrl":"https:\/\/fg.ull.es\/hemeroteca\/wp-content\/uploads\/sites\/14\/2015\/04\/1190_fs_smpadre_larana_04.jpg","width":2128,"height":1416},{"@type":"BreadcrumbList","@id":"https:\/\/fg.ull.es\/hemeroteca\/2013\/03\/08\/el-centro-padre-larana-participa-en-el-proyecto-de-cooperativas-escolares-disena-tu-futuro\/#breadcrumb","itemListElement":[{"@type":"ListItem","position":1,"name":"Home","item":"https:\/\/fg.ull.es\/hemeroteca\/"},{"@type":"ListItem","position":2,"name":"El Centro Padre Lara\u00f1a participa en el proyecto de cooperativas escolares &#039;Dise\u00f1a Tu Futuro&#039;"}]},{"@type":"WebSite","@id":"https:\/\/fg.ull.es\/hemeroteca\/#website","url":"https:\/\/fg.ull.es\/hemeroteca\/","name":"Hist\u00f3rico de noticias de la Fundaci\u00f3n General","description":"","potentialAction":[{"@type":"SearchAction","target":{"@type":"EntryPoint","urlTemplate":"https:\/\/fg.ull.es\/hemeroteca\/?s={search_term_string}"},"query-input":{"@type":"PropertyValueSpecification","valueRequired":true,"valueName":"search_term_string"}}],"inLanguage":"es"},{"@type":"Person","@id":"https:\/\/fg.ull.es\/hemeroteca\/#\/schema\/person\/cf424320c3c543ecb9f15d3785219238","name":"fgull","image":{"@type":"ImageObject","inLanguage":"es","@id":"https:\/\/secure.gravatar.com\/avatar\/3b3f179500dd91d295ffa66543a853574e5676c5c7f8b31d00af1a80aadcafa4?s=96&d=mm&r=g","url":"https:\/\/secure.gravatar.com\/avatar\/3b3f179500dd91d295ffa66543a853574e5676c5c7f8b31d00af1a80aadcafa4?s=96&d=mm&r=g","contentUrl":"https:\/\/secure.gravatar.com\/avatar\/3b3f179500dd91d295ffa66543a853574e5676c5c7f8b31d00af1a80aadcafa4?s=96&d=mm&r=g","caption":"fgull"},"url":"https:\/\/fg.ull.es\/hemeroteca\/author\/fgull\/"}]}},"featured_image_thumbnail_url":"https:\/\/fg.ull.es\/hemeroteca\/wp-content\/uploads\/sites\/14\/2015\/04\/1190_fs_smpadre_larana_04-300x200.jpg","_links":{"self":[{"href":"https:\/\/fg.ull.es\/hemeroteca\/wp-json\/wp\/v2\/posts\/11170","targetHints":{"allow":["GET"]}}],"collection":[{"href":"https:\/\/fg.ull.es\/hemeroteca\/wp-json\/wp\/v2\/posts"}],"about":[{"href":"https:\/\/fg.ull.es\/hemeroteca\/wp-json\/wp\/v2\/types\/post"}],"author":[{"embeddable":true,"href":"https:\/\/fg.ull.es\/hemeroteca\/wp-json\/wp\/v2\/users\/36"}],"replies":[{"embeddable":true,"href":"https:\/\/fg.ull.es\/hemeroteca\/wp-json\/wp\/v2\/comments?post=11170"}],"version-history":[{"count":0,"href":"https:\/\/fg.ull.es\/hemeroteca\/wp-json\/wp\/v2\/posts\/11170\/revisions"}],"wp:featuredmedia":[{"embeddable":true,"href":"https:\/\/fg.ull.es\/hemeroteca\/wp-json\/wp\/v2\/media\/11169"}],"wp:attachment":[{"href":"https:\/\/fg.ull.es\/hemeroteca\/wp-json\/wp\/v2\/media?parent=11170"}],"wp:term":[{"taxonomy":"category","embeddable":true,"href":"https:\/\/fg.ull.es\/hemeroteca\/wp-json\/wp\/v2\/categories?post=11170"},{"taxonomy":"post_tag","embeddable":true,"href":"https:\/\/fg.ull.es\/hemeroteca\/wp-json\/wp\/v2\/tags?post=11170"}],"curies":[{"name":"wp","href":"https:\/\/api.w.org\/{rel}","templated":true}]}}