{"id":11167,"date":"2013-03-07T12:05:34","date_gmt":"2013-03-07T12:05:34","guid":{"rendered":"http:\/\/www.fg.ull.es\/?p=11167"},"modified":"2013-03-07T12:05:34","modified_gmt":"2013-03-07T12:05:34","slug":"la-ull-presenta-su-foro-de-expertos-pacto-por-tenerife-para-canarias-cone-el-fin-de-analizar-varios-problemas-sociales","status":"publish","type":"post","link":"https:\/\/fg.ull.es\/hemeroteca\/2013\/03\/07\/la-ull-presenta-su-foro-de-expertos-pacto-por-tenerife-para-canarias-cone-el-fin-de-analizar-varios-problemas-sociales\/","title":{"rendered":"La ULL presenta su foro de expertos &#039;Pacto por Tenerife para Canarias&#039;, cone el fin de analizar varios problemas sociales"},"content":{"rendered":"<p>La Universidad de La Laguna present\u00f3 la tarde del mi\u00e9rcoles 6 de marzo un proyecto denominado &#8216;Pacto por Tenerife para Canarias&#8217;, a trav\u00e9s del cual se congregar\u00e1 a expertos universitarios y de diferentes \u00e1mbitos de la sociedad.<\/p>\n<p>&nbsp;<\/p>\n<p>El rector de la ULL, Eduardo Dom&eacute;nech, fue el encargado de abrir este acto celebrado en la sala de Grados del Campus de Guajara, y posteriormente el jefe del Gabinete del Rector, Antonio Rodr&iacute;guez, procedi&oacute; a dar los detalles metodol&oacute;gicos del proyecto. La presentaci&oacute;n cont&oacute; con la nutrida presencia institucional de varios alcaldes de Tenerife, consejeros del Cabildo Insular, representantes sindicales y patronales, as&iacute; como de los medios de comunicaci&oacute;n.<\/p>\n<p>&nbsp;<\/p>\n<p style='text-align: justify'>A continuaci&oacute;n se reproduce la intervenci&oacute;n del rector, en la que se explican los objetivos de este proyecto:<\/p>\n<p style='text-align: justify'>&nbsp;<\/p>\n<p style='text-align: justify'>`Buenas tardes. Bienvenidos sean todos a la Universidad de La Laguna, su casa, con motivo de la presentaci&oacute;n p&uacute;blica y arranque de esta iniciativa, que consideramos de especial relevancia para nuestra isla y para el conjunto de nuestra sociedad regional, que hemos denominado ?Pacto por Tenerife para Canarias&acute;.<\/p>\n<p style='text-align: justify'>&nbsp;<\/p>\n<p style='text-align: justify'>Como les se&ntilde;alaba en mi carta de invitaci&oacute;n, es m&aacute;s que evidente que vivimos tiempos dif&iacute;ciles para nuestra colectividad, una &eacute;poca que algunos han calificado como de emergencia pol&iacute;tica, econ&oacute;mica y social; y la universidad como instituci&oacute;n p&uacute;blica no puede aislarse de la problem&aacute;tica que est&aacute; sufriendo la ciudadan&iacute;a e intentar aportar alternativas para abordar su soluci&oacute;n.<\/p>\n<p style='text-align: justify'>&nbsp;<\/p>\n<p style='text-align: justify'>Como rector de la Universidad de La Laguna siempre he defendido el necesario compromiso de nuestra instituci&oacute;n con la tercera misi&oacute;n universitaria: la transferencia de conocimiento para la mejora social. No s&oacute;lo porque somos destinatarios, como universidad p&uacute;blica, de los fondos que recibimos para desarrollar nuestra actividad, sino, y creo que fundamentalmente, porque siendo parte indisociable de la sociedad a la que pertenecemos, es inasumible que podamos abstraernos de las angustias, dificultades, y profundas adversidades que, en el contexto hist&oacute;rico actual, est&aacute;n afectando tan negativamente a nuestros conciudadanos.<\/p>\n<p style='text-align: justify'>&nbsp;<\/p>\n<p style='text-align: justify'>Por eso, y en colaboraci&oacute;n con los tres partidos pol&iacute;ticos con representaci&oacute;n regional, hemos tomado la iniciativa de promover un debate intelectual y el contraste de ideas que favorezcan el bien com&uacute;n, contextualizado, y como primer ensayo, en la isla de Tenerife pero con una clara y creo necesaria vocaci&oacute;n regional.<\/p>\n<p style='text-align: justify'>&nbsp;<\/p>\n<p style='text-align: justify'>Quiero aprovechar este momento para expresar p&uacute;blicamente mi agradecimiento a los tres responsables insulares de las organizaciones pol&iacute;ticas promotoras (CC, PP y PSOE) por su generosidad pol&iacute;tica, altura de miras y, por qu&eacute; no decirlo, inteligencia estrat&eacute;gica. Con su gesto de ceder el protagonismo y el liderazgo de esta iniciativa a la universidad han demostrado que la condici&oacute;n de representante pol&iacute;tico se puede ejercer noblemente si se anteponen los intereses de la ciudadan&iacute;a a la de los propios partidos y sus aparatos. Posiblemente sea porque en este caso ha ayudado el hecho fortuito de que los tres son alcaldes y, como responsables municipales, su proximidad con la ciudadan&iacute;a amplifica la sensibilidad hacia ella y la exigencia de dar respuestas inmediatas a sus problemas.<\/p>\n<p style='text-align: justify'>&nbsp;<\/p>\n<p style='text-align: justify'>Por tanto, Fernando Clavijo, Manuel Dom&iacute;nguez y Manuel Fumero, muchas gracias.<\/p>\n<p style='text-align: justify'>&nbsp;<\/p>\n<p style='text-align: justify'>Hace poco, un articulista regional en su columna diaria reclamaba una alternativa al modelo de debate p&uacute;blico caracterizado por el posicionamiento excluyente, la demonizaci&oacute;n del adversario y la terquedad ideol&oacute;gica. Propon&iacute;a su sustituci&oacute;n por otra concepci&oacute;n basada en las evidencias y la perspectiva sistem&aacute;tica que pueden aportar las ciencias sociales; de modo que se superase un enfoque de discusi&oacute;n p&uacute;blica sustentado en la subjetividad, el estilo impulsivo y cargado de juicios de valor y de especulaci&oacute;n.<\/p>\n<p style='text-align: justify'>&nbsp;<\/p>\n<p style='text-align: justify'>Pues parece que este periodista haya tenido una visi&oacute;n premonitoria de lo que pretend&iacute;amos, porque esos economistas, juristas y dem&aacute;s cient&iacute;ficos sociales a los que el reclamaba visibilidad social, se ponen a disposici&oacute;n de la sociedad, por parte de la ULL, para abordar el reto de empezar a dar alternativas a los problemas que sufre nuestra sociedad canaria.<\/p>\n<p style='text-align: justify'>&nbsp;<\/p>\n<p style='text-align: justify'>Con esta iniciativa pretendemos establecer un di&aacute;logo real y leal que lleve la reflexi&oacute;n universitaria a la comunidad, y la experiencia comunitaria a la universidad, con el objetivo &uacute;ltimo de formular propuestas estrat&eacute;gicas para superar de manera resiliente la adversidad actual, anticipando prospectivamente escenarios futuros sobre los que vislumbrar una salida a esta situaci&oacute;n de crisis.<\/p>\n<p style='text-align: justify'>&nbsp;<\/p>\n<p style='text-align: justify'>Se trata, en s&iacute;ntesis, de poner en pr&aacute;ctica el discurso de lo que la actual sociobiolog&iacute;a ha llamado eusocialidad, o lo que es lo mismo ?Juntarnos para promover el bien social?. Porque como planteaba la prestigiosa bi&oacute;loga evolucionista Lynn Margulis, a partir de los sus estudios sobre las primeras bacterias que habitaron la Tierra, es la cooperaci&oacute;n y no la competencia la responsable de la evoluci&oacute;n.<\/p>\n<p style='text-align: justify'>&nbsp;<\/p>\n<p style='text-align: justify'>Seg&uacute;n los trabajos de esta autora las bacterias procariotas cooperaban a trav&eacute;s de la transferencia de sus genes, lo que les permit&iacute;a sobrevivir en un medio hostil. Cooperar de esta manera pasa de ser una opci&oacute;n a concebirse como una necesidad vital. Con ello Margulis suma un matiz al darwinismo, otra mirada: el m&aacute;s fuerte no s&oacute;lo es qui&eacute;n mejor se adapta al cambio, sino aquel que para ello coopera.<\/p>\n<p style='text-align: justify'>&nbsp;<\/p>\n<p style='text-align: justify'>Y si uno seres tan simples como las bacterias lo hacen para sobrevivir, &iquest;por qu&eacute; no ejercitamos los seres humanos? No se trata de que profundicemos en este dilema, culpabiliz&aacute;ndonos por nuestras propias contradicciones e incompetencias como especie, sino que asumamos la urgencia de que, en este contexto hist&oacute;rico de alta adversidad colectiva, debemos apoyarnos en nuestra potencialidad para colaborar como instrumento superador de la crisis.<\/p>\n<p style='text-align: justify'>&nbsp;<\/p>\n<p style='text-align: justify'>Y para ello esta casa de formaci&oacute;n que es la ULL ofrece su bien m&aacute;s preciado: el conocimiento y una metodolog&iacute;a para contrastarlo y traducirlo en respuestas a la problem&aacute;tica ciudadana.<\/p>\n<p style='text-align: justify'>&nbsp;<\/p>\n<p style='text-align: justify'>Quiero ser honesto en cuanto a las expectativas sobre este proyecto. Puede que no lleguemos a soluciones operativas directamente traducibles para ser aplicadas, porque para ello se requerir&iacute;a un proceso m&aacute;s dilatado y puede que otra metodolog&iacute;a de trabajo. Y porque adem&aacute;s, no deber&iacute;a ser vocaci&oacute;n de este espacio suplantar el proceso democr&aacute;tico de toma de decisiones que se ha de dar en el &aacute;mbito de las instituciones pol&iacute;ticas de representaci&oacute;n (ayuntamientos, cabildos, gobierno y parlamento de Canarias).<\/p>\n<p style='text-align: justify'>&nbsp;<\/p>\n<p style='text-align: justify'>Me conformo que a trav&eacute;s de esta iniciativa seamos capaces de fijar las normas para desarrollar un debate p&uacute;blico en claves colaborativas, de ofrecer argumentos sustentados y contrastados con evidencias cient&iacute;ficas, y concluir en un documento de acuerdos, lo m&aacute;s consensuado posible, que comprometa a todas las partes que lo suscriban a ponerlo en pr&aacute;ctica en el &aacute;mbito de su competencia. Y todo ello hacerlo juntos y la vez por el bien particular y el bien com&uacute;n?.<\/p>\n<p style='text-align: justify'>&nbsp;<\/p>\n<p style='text-align: justify'><strong>Programa<\/strong><\/p>\n<p style='text-align: justify'>&nbsp;<\/p>\n<p style='text-align: justify'>El programa completo de esta actividad est&aacute; disponible en la p&aacute;gina web de la instituci&oacute;n. El primero de los debates  o pactos propuestos, que girar&aacute; en trono a la mejora de la econom&iacute;a canaria, se celebrar&aacute; el 20 de marzo en la Facultad de Ciencias Econ&oacute;micas y Empresariales de la ULL. Contar&aacute; con la presencia de Jos&eacute; Luis Rivero Ceballos, catedr&aacute;tico de Econom&iacute;a Aplicada de la ULL; Jos&eacute; &Aacute;ngel Rodr&iacute;guez Mart&iacute;n, catedr&aacute;tico de Econom&iacute;a Aplicada de la ULL; Marcel Bonnet Escuela, profesor titular de Econom&iacute;a Aplicada de la ULL y decano de la Facultad de Derecho; y Fernando Redondo Rodr&iacute;guez, presidente del Consejo Econ&oacute;mico y Social.<\/p>\n<p style='text-align: justify'>&nbsp;<\/p>\n<p style='text-align: justify'>El segundo pacto, centrado en la educaci&oacute;n y la formaci&oacute;n a lo largo de la vida, tendr&aacute; lugar el 29 de abril en la Facultad de Educaci&oacute;n y contar&aacute; con las intervenciones de Olga Alegre de la Rosa, catedr&aacute;tica de Did&aacute;ctica y Organizaci&oacute;n Escolar y decana de la Facultad de Educaci&oacute;n de la ULL; Jos&eacute; Mar&iacute;a Toro Al&eacute;, autor del libro `Educar con Co-Raz&oacute;n&acute; y experto en formaci&oacute;n docente; Roc&iacute;o Pe&ntilde;a V&aacute;squez, profesora titular de Econom&iacute;a Aplicada de la ULL; y M&ordf; Dolores Berriel Ben&iacute;tez, presidenta del Consejo Escolar de Canarias.<\/p>\n<p style='text-align: justify'>&nbsp;<\/p>\n<p style='text-align: justify'>La &uacute;ltima mesa de debate prevista, sobre ciudadan&iacute;a y bienestar social, se celebrar&aacute; el 20 de mayo en la Facultad de Ciencias Pol&iacute;ticas y Sociales. Participar&aacute;n Vicente Zapata Hern&aacute;ndez, profesor titular de Geograf&iacute;a Humana de la ULL; Juana Dolores Santana Hern&aacute;ndez, profesora titular de Escuela Universitaria de Trabajo Social de la ULL; M&ordf; Ar&aacute;nzazu Calzadilla Medina, profesora contratada-doctora del Departamento de Disciplinas Jur&iacute;dicas B&aacute;sicas de la ULL; y Francisco Haro, presidente FAV Aguere.<\/p>\n<p style='text-align: justify'>*Nota cedida por el Gabinete de Comunicaci&oacute;n de la ULL<\/p>\n","protected":false},"excerpt":{"rendered":"<p>La Universidad de La Laguna present\u00f3 la tarde del mi\u00e9rcoles 6 de marzo un proyecto denominado &#8216;Pacto por Tenerife para Canarias&#8217;, a trav\u00e9s del cual se congregar\u00e1 a expertos universitarios y de diferentes \u00e1mbitos de la sociedad.<\/p>\n","protected":false},"author":36,"featured_media":11166,"comment_status":"closed","ping_status":"open","sticky":false,"template":"","format":"standard","meta":{"footnotes":""},"categories":[6],"tags":[173,1305,1424],"featured_image_thumbnail_url":"https:\/\/fg.ull.es\/hemeroteca\/wp-content\/uploads\/sites\/14\/2015\/04\/1189_8v_pacto1-300x205.jpg","_links":{"self":[{"href":"https:\/\/fg.ull.es\/hemeroteca\/wp-json\/wp\/v2\/posts\/11167"}],"collection":[{"href":"https:\/\/fg.ull.es\/hemeroteca\/wp-json\/wp\/v2\/posts"}],"about":[{"href":"https:\/\/fg.ull.es\/hemeroteca\/wp-json\/wp\/v2\/types\/post"}],"author":[{"embeddable":true,"href":"https:\/\/fg.ull.es\/hemeroteca\/wp-json\/wp\/v2\/users\/36"}],"replies":[{"embeddable":true,"href":"https:\/\/fg.ull.es\/hemeroteca\/wp-json\/wp\/v2\/comments?post=11167"}],"version-history":[{"count":0,"href":"https:\/\/fg.ull.es\/hemeroteca\/wp-json\/wp\/v2\/posts\/11167\/revisions"}],"wp:featuredmedia":[{"embeddable":true,"href":"https:\/\/fg.ull.es\/hemeroteca\/wp-json\/wp\/v2\/media\/11166"}],"wp:attachment":[{"href":"https:\/\/fg.ull.es\/hemeroteca\/wp-json\/wp\/v2\/media?parent=11167"}],"wp:term":[{"taxonomy":"category","embeddable":true,"href":"https:\/\/fg.ull.es\/hemeroteca\/wp-json\/wp\/v2\/categories?post=11167"},{"taxonomy":"post_tag","embeddable":true,"href":"https:\/\/fg.ull.es\/hemeroteca\/wp-json\/wp\/v2\/tags?post=11167"}],"curies":[{"name":"wp","href":"https:\/\/api.w.org\/{rel}","templated":true}]}}