{"id":11127,"date":"2013-02-28T15:05:40","date_gmt":"2013-02-28T15:05:40","guid":{"rendered":"http:\/\/www.fg.ull.es\/?p=11127"},"modified":"2013-02-28T15:05:40","modified_gmt":"2013-02-28T15:05:40","slug":"expertos-en-el-cambio-climatico-se-reunen-en-tenerife-para-abordar-sus-efectos-en-canarias-y-marruecos","status":"publish","type":"post","link":"https:\/\/fg.ull.es\/hemeroteca\/2013\/02\/28\/expertos-en-el-cambio-climatico-se-reunen-en-tenerife-para-abordar-sus-efectos-en-canarias-y-marruecos\/","title":{"rendered":"Expertos en el cambio clim\u00e1tico se re\u00fanen en Tenerife para abordar sus efectos en Canarias y Marruecos"},"content":{"rendered":"<p>Los d\u00edas 6 y 7 de marzo la Universidad de La Laguna (ULL), en Tenerife, albergar\u00e1 el Seminario sobre los efectos del cambio clim\u00e1tico en los Recursos Naturales del \u00c1rea de Cooperaci\u00f3n Territorial del Atl\u00e1ntico.<\/p>\n<p>Este evento est&aacute; organizado por el Instituto Tecnol&oacute;gico de Canarias  (ITC) y la ULL, y se celebra en el marco del proyecto europeo  CLIMATIQUE, <em>Observatorio sobre del Cambio Clim&aacute;tico en las regiones de Canarias y Souss Massa Dr&acirc;a, Reino de Marruecos<\/em>.<\/p>\n<p>CLIMATIQUE es un proyecto cofinanciado por los fondos europeos del programa de Cooperaci&oacute;n Transfronteriza Espa&ntilde;a-Fronteras Exteriores (POCTEFEX) y tiene por objetivo el intercambio de experiencias institucionales y profesionales de los sectores relacionados con las iniciativas de adaptaci&oacute;n y mitigaci&oacute;n al cambio clim&aacute;tico, tanto a nivel nacional (Espa&ntilde;a y Marruecos), como regional (Islas Canarias y Souss Massa Dr&acirc;a).<\/p>\n<p>Participan como socios espa&ntilde;oles en este proyecto el ITC, jefe de fila, y la ULL. Ambas instituciones y los tres socios de Marruecos: el Ministerio de Energ&iacute;a, Minas, Agua y Medio Ambiente del Reino de Marruecos, el Consejo Regional de Souss Massa Dr&acirc;a y la Universidad Ibn Zohr de Agadir, pretenden conseguir una mayor colaboraci&oacute;n y transferencia entre los distintos agentes en reducir y prevenir los efectos derivados del cambio clim&aacute;tico, contando con la activa participaci&oacute;n de los gobiernos nacionales, regionales y locales, profesionales del sector y la sociedad civil.<\/p>\n<p>El Seminario se desarrollar&aacute; durante dos jornadas con ponencias abiertas al p&uacute;blico y se complementar&aacute;n con dos talleres participativos en los que se expondr&aacute; y discutir&aacute; sobre las pol&iacute;ticas de adaptaci&oacute;n y mitigaci&oacute;n al cambio clim&aacute;tico. En esta din&aacute;mica, ponentes, socios del proyecto y representantes canarios de distintos sectores (acad&eacute;mico, empresarial, p&uacute;blico y de organizaciones medioambientales) compartir&aacute;n experiencias e identificar&aacute;n propuestas de actuaci&oacute;n.<\/p>\n<p>El Seminario contar&aacute; con la presencia de Rosario Bento Pais, directora de la Unidad DG Acci&oacute;n Clim&aacute;tica de la Comisi&oacute;n Europea. Junto a ella, ponentes de primer nivel, tanto de Espa&ntilde;a y de Canarias como del Reino de Marruecos y de la regi&oacute;n de Souss Massa Dr&acirc;a, ofrecer&aacute;n una visi&oacute;n t&eacute;cnica y experta sobre la materia. Se expondr&aacute;n los estudios realizados, iniciativas en curso, aspectos meteorol&oacute;gicos y &nbsp;relaciones con el concepto de sostenibilidad, entre otros temas.<\/p>\n<p>Los interesados en asistir a las ponencias deben registrarse a trav&eacute;s del email climatique@itccanarias.org o en llamando al tel&eacute;fono 928 727 617, debido a que el aforo es limitado.<\/p>\n<p><strong>Ponencias y protagonistas<\/strong><\/p>\n<p>La inauguraci&oacute;n de las jornadas tendr&aacute; lugar el mi&eacute;rcoles 6 de marzo, a las 16 horas, en el Sal&oacute;n de Grados de la Facultad de Ingenier&iacute;a Inform&aacute;tica de la Universidad de La Laguna (ULL). Tras la apertura por parte de las autoridades de Canarias y Marruecos, se presentar&aacute; a los representantes de cada una de las instituciones socias participantes en el proyecto CLIMATIQUE. El profesor Juan Pedro D&iacute;az, de la ULL, comenzar&aacute; la primera jornada de ponencias con una breve presentaci&oacute;n sobre conceptos fundamentales del cambio clim&aacute;tico.&nbsp;<\/p>\n<p>A continuaci&oacute;n, tendr&aacute;n lugar las presentaciones t&eacute;cnicas que comenzar&aacute;n con la ponencia sobre Estrategias de la UE en Adaptaci&oacute;n. Jos&eacute; Ram&oacute;n Picatoste, jefe del Servicio de Adaptaci&oacute;n de la Oficina Espa&ntilde;ola de Cambio Clim&aacute;tico (OECC), hablar&aacute; sobre la Adaptaci&oacute;n a Nivel Nacional (Espa&ntilde;a). La ponencia sobre Adaptaci&oacute;n a Nivel Nacional (Marruecos) la llevar&aacute; a cabo Hicham El Yousfi, del Observatorio Regional del Medio Ambiente y del Desarrollo Sostenible de la Regi&oacute;n Tadla-Azilal (Marruecos). Marta Hern&aacute;ndez de la Cruz, t&eacute;cnico superior de la OECC, tomar&aacute; la palabra con la ponencia Mitigaci&oacute;n a Nivel Nacional (Espa&ntilde;a) y la Mitigaci&oacute;n a Nivel Nacional (Marruecos) ser&aacute; explicada por Said Mouline, director general de la Agencia Nacional para el Desarrollo de las Energ&iacute;as Renovables y la Eficiencia Energ&eacute;tica del Reino de Marruecos.<\/p>\n<p>Tras las presentaciones t&eacute;cnicas a nivel europeo y nacional, tendr&aacute;n lugar las exposiciones a nivel regional. Jos&eacute; Luis Mart&iacute;n Esquivel, director del Observatorio de Cambio Clim&aacute;tico del Gobierno de Canarias, presentar&aacute; la ponencia Adaptaci&oacute;n a Nivel Regional (Canarias). La Adaptaci&oacute;n a Nivel Regional (Souss Massa Dr&acirc;a) ser&aacute; explicada por Lahcen Kenny, director de la Agencia para la Promoci&oacute;n y Desarrollo Econ&oacute;mico y Social de las Provincias del Sur del Reino de Marruecos (AGROTECH). La exposici&oacute;n Mitigaci&oacute;n a Nivel Regional (Canarias) la liderar&aacute; Fernando Herrera Hern&aacute;ndez, jefe del Servicio de Prevenci&oacute;n y Control de la Contaminaci&oacute;n de la Direcci&oacute;n General de Protecci&oacute;n de la Naturaleza del Gobierno de Canarias. A continuaci&oacute;n, cerrar&aacute; la jornada una ponencia sobre Mitigaci&oacute;n a Nivel Regional (Souss Massa Dr&acirc;a).<\/p>\n<p>El jueves 7 de marzo, a las 9 horas, comenzar&aacute;n los talleres sobre mitigaci&oacute;n y adaptaci&oacute;n al cambio clim&aacute;tico en la Fundaci&oacute;n General de la ULL.<\/p>\n<p>Por la tarde, a las 16 horas, tendr&aacute; lugar la segunda parte de los seminarios abiertos al p&uacute;blico, en el Sal&oacute;n de Grados de la Facultad de Ingenier&iacute;a Inform&aacute;tica de la ULL. Durante esta segunda jornada, investigadores de la ULL y la ULPGC, as&iacute; como de la Universidad Ibn Zohr, de Agadir expondr&aacute;n un resumen de los proyectos asociados a cambio clim&aacute;tico realizados en cada universidad. Asimismo, M&ordf; Jos&eacute; Tom&aacute;s, t&eacute;cnico del Centro de Desarrollo Tecnol&oacute;gico Industrial (CDTI), ofrecer&aacute; una ponencia sobre oportunidades de financiaci&oacute;n asociadas a proyectos de I D i en cambio clim&aacute;tico. Como cierre, Luis M. Jim&eacute;nez Herrero, director ejecutivo del Observatorio de Sostenibilidad de Espa&ntilde;a, ser&aacute; el encargado de impartir una ponencia sobre la relaci&oacute;n entre Sostenibilidad y Cambio Clim&aacute;tico.<\/p>\n<p>&nbsp;<\/p>\n<p>M&aacute;s informaci&oacute;n sobre el proyecto CLIMATIQUE disponible en la web <a href='http:\/\/climatique.itccanarias.org'>http:\/\/climatique.itccanarias.org<\/a><\/p>\n<p>*Nota cedida.<\/p>\n","protected":false},"excerpt":{"rendered":"<p>Los d\u00edas 6 y 7 de marzo la Universidad de La Laguna (ULL), en Tenerife, albergar\u00e1 el Seminario sobre los efectos del cambio clim\u00e1tico en los Recursos Naturales del \u00c1rea de Cooperaci\u00f3n Territorial del Atl\u00e1ntico.<\/p>\n","protected":false},"author":36,"featured_media":11126,"comment_status":"closed","ping_status":"open","sticky":false,"template":"","format":"standard","meta":{"footnotes":""},"categories":[8],"tags":[173,339,862,1424],"featured_image_thumbnail_url":"https:\/\/fg.ull.es\/hemeroteca\/wp-content\/uploads\/sites\/14\/2015\/04\/1174_6x_climatique-300x49.jpg","_links":{"self":[{"href":"https:\/\/fg.ull.es\/hemeroteca\/wp-json\/wp\/v2\/posts\/11127"}],"collection":[{"href":"https:\/\/fg.ull.es\/hemeroteca\/wp-json\/wp\/v2\/posts"}],"about":[{"href":"https:\/\/fg.ull.es\/hemeroteca\/wp-json\/wp\/v2\/types\/post"}],"author":[{"embeddable":true,"href":"https:\/\/fg.ull.es\/hemeroteca\/wp-json\/wp\/v2\/users\/36"}],"replies":[{"embeddable":true,"href":"https:\/\/fg.ull.es\/hemeroteca\/wp-json\/wp\/v2\/comments?post=11127"}],"version-history":[{"count":0,"href":"https:\/\/fg.ull.es\/hemeroteca\/wp-json\/wp\/v2\/posts\/11127\/revisions"}],"wp:featuredmedia":[{"embeddable":true,"href":"https:\/\/fg.ull.es\/hemeroteca\/wp-json\/wp\/v2\/media\/11126"}],"wp:attachment":[{"href":"https:\/\/fg.ull.es\/hemeroteca\/wp-json\/wp\/v2\/media?parent=11127"}],"wp:term":[{"taxonomy":"category","embeddable":true,"href":"https:\/\/fg.ull.es\/hemeroteca\/wp-json\/wp\/v2\/categories?post=11127"},{"taxonomy":"post_tag","embeddable":true,"href":"https:\/\/fg.ull.es\/hemeroteca\/wp-json\/wp\/v2\/tags?post=11127"}],"curies":[{"name":"wp","href":"https:\/\/api.w.org\/{rel}","templated":true}]}}