{"id":11115,"date":"2013-02-26T12:42:41","date_gmt":"2013-02-26T12:42:41","guid":{"rendered":"http:\/\/www.fg.ull.es\/?p=11115"},"modified":"2013-02-26T12:42:41","modified_gmt":"2013-02-26T12:42:41","slug":"el-empresario-de-silicon-valley-xavier-verdaguer-abrira-el-iii-foro-innovaccion","status":"publish","type":"post","link":"https:\/\/fg.ull.es\/hemeroteca\/2013\/02\/26\/el-empresario-de-silicon-valley-xavier-verdaguer-abrira-el-iii-foro-innovaccion\/","title":{"rendered":"El empresario de Silicon Valley, Xavier Verdaguer,  abrir\u00e1 el III Foro InnovAcci\u00f3n"},"content":{"rendered":"<p>Tras el acto inaugural, el 26 de abril de 2012, el III Foro InnovAcci\u00f3n dar\u00e1 comienzo con la conferencia de Xavier Verdaguer, emprendedor en serie  con una exitosa trayectoria profesional.<\/p>\n<p>La tercera edici&oacute;n del <em>Foro InnovAcci&oacute;n, si cre@s, puedes<\/em> se pone en marcha con el objetivo de presentar la cultura de la  innovaci&oacute;n, el desarrollo tecnol&oacute;gico, la emprendedur&iacute;a tecnol&oacute;gica y la  creatividad como estrategias que repercuten en el aumento de la  competitividad y en el beneficio y sostenibilidad de la sociedad  insular.<\/p>\n<p>Para inaugurar la primera jornada del  evento, y a su vez el III Foro de Inversi&oacute;n TF Invierte, se celebrar&aacute;  una conferencia inaugural de la mano de Xavier Verdaguer, un emprendedor  con dilatada experiencia profesional&nbsp; que ha lanzado varias empresas de  innovaci&oacute;n tecnol&oacute;gica desde el a&ntilde;o 1997. &nbsp;Xavier es Ingeniero  inform&aacute;tico y Arquitecto T&eacute;cnico por la Universidad &nbsp;Polit&eacute;cnica de  Catalu&ntilde;a y con estudios de alta direcci&oacute;n en la <em><a href='http:\/\/www.stanford.edu\/' target='_blank' rel=\"noopener noreferrer\">Stanford University<\/a><\/em>(California). Empez&oacute; su trayectoria profesional como Director de Inform&aacute;tica del <em>Consulting Taller de &nbsp;Ingenier&iacute;as, S.A.<\/em> y a los 25 a&ntilde;os inici&oacute; su carrera como emprendedor en serie.<\/p>\n<p style='text-align: justify'>Entre otras empresas, &nbsp;Xavier ha fundado <em><a href='http:\/\/www.innovalley.us\/' target='_blank' rel=\"noopener noreferrer\">Innovalley, Inc.<\/a><\/em>,  una empresa que desarrolla ropa inteligente fusionando creatividad de  Barcelona con tecnolog&iacute;a americana, y en la que trabaja actualmente.  Tambi&eacute;n ha fundado en Silicon Valley de California la empresa de  desarrollo de software <em>Seven4seven<\/em>, y el <em>Centro de Creatividad Imagine<\/em> para la generaci&oacute;n de ideas disruptivas que cambien el mundo y la vida  de las personas que participan en la creaci&oacute;n de estas ideas.<\/p>\n<p style='text-align: justify'>Xavier contar&aacute; su experiencia como  emprendedor e inversor adquirida a lo largo de su trayectoria y dar&aacute; las  claves, a todos aquellos emprendedores y personas interesadas, para  lograr que su proyecto de base tecnol&oacute;gica reciba el respaldo econ&oacute;mico  de un inversor que le permita expandirse m&aacute;s all&aacute; de nuestras fronteras.<\/p>\n<p style='text-align: justify'>La presencia de Xavier Verdaguer en  esta edici&oacute;n del Foro es fundamental para que los emprendedores  adquieran las mejores pr&aacute;cticas en la creaci&oacute;n y lanzamiento de  proyectos tecnol&oacute;gicos innovadores. &nbsp;Asimismo, en esta edici&oacute;n del Foro  de Inversi&oacute;n TF Invierte, el Premio del PCTT a la Mejor Iniciativa  Empresarial que se otorgar&aacute; al mejor proyecto presentado ese d&iacute;a ante  inversores incluir&aacute; una estancia de un mes en Silicon Valley, en el  Centro de Creatividad Imagine, donde el promotor ganador podr&aacute; continuar  con la maduraci&oacute;n e internacionalizaci&oacute;n de su proyecto, contactar con  socios tecnol&oacute;gicos de la talla de HP o Google, o presentar su proyecto a  inversores americanos.<\/p>\n<p>*Nota cedida PCTT<\/p>\n","protected":false},"excerpt":{"rendered":"<p>Tras el acto inaugural, el 26 de abril de 2012, el III Foro InnovAcci\u00f3n dar\u00e1 comienzo con la conferencia de Xavier Verdaguer, emprendedor en serie  con una exitosa trayectoria profesional.<\/p>\n","protected":false},"author":36,"featured_media":11114,"comment_status":"closed","ping_status":"open","sticky":false,"template":"","format":"standard","meta":{"footnotes":""},"categories":[8],"tags":[173],"featured_image_thumbnail_url":"https:\/\/fg.ull.es\/hemeroteca\/wp-content\/uploads\/sites\/14\/2015\/04\/1166_gu_foroinnovaccion2012-300x190.jpg","_links":{"self":[{"href":"https:\/\/fg.ull.es\/hemeroteca\/wp-json\/wp\/v2\/posts\/11115"}],"collection":[{"href":"https:\/\/fg.ull.es\/hemeroteca\/wp-json\/wp\/v2\/posts"}],"about":[{"href":"https:\/\/fg.ull.es\/hemeroteca\/wp-json\/wp\/v2\/types\/post"}],"author":[{"embeddable":true,"href":"https:\/\/fg.ull.es\/hemeroteca\/wp-json\/wp\/v2\/users\/36"}],"replies":[{"embeddable":true,"href":"https:\/\/fg.ull.es\/hemeroteca\/wp-json\/wp\/v2\/comments?post=11115"}],"version-history":[{"count":0,"href":"https:\/\/fg.ull.es\/hemeroteca\/wp-json\/wp\/v2\/posts\/11115\/revisions"}],"wp:featuredmedia":[{"embeddable":true,"href":"https:\/\/fg.ull.es\/hemeroteca\/wp-json\/wp\/v2\/media\/11114"}],"wp:attachment":[{"href":"https:\/\/fg.ull.es\/hemeroteca\/wp-json\/wp\/v2\/media?parent=11115"}],"wp:term":[{"taxonomy":"category","embeddable":true,"href":"https:\/\/fg.ull.es\/hemeroteca\/wp-json\/wp\/v2\/categories?post=11115"},{"taxonomy":"post_tag","embeddable":true,"href":"https:\/\/fg.ull.es\/hemeroteca\/wp-json\/wp\/v2\/tags?post=11115"}],"curies":[{"name":"wp","href":"https:\/\/api.w.org\/{rel}","templated":true}]}}