{"id":10910,"date":"2013-01-21T16:51:05","date_gmt":"2013-01-21T16:51:05","guid":{"rendered":"http:\/\/www.fg.ull.es\/?p=10910"},"modified":"2013-01-21T16:51:05","modified_gmt":"2013-01-21T16:51:05","slug":"ampliacion-del-plazo-para-participar-en-el-programa-formativo-de-agente-help-desk","status":"publish","type":"post","link":"https:\/\/fg.ull.es\/hemeroteca\/2013\/01\/21\/ampliacion-del-plazo-para-participar-en-el-programa-formativo-de-agente-help-desk\/","title":{"rendered":"Ampliaci\u00f3n del plazo para participar en el programa formativo de Agente Help Desk"},"content":{"rendered":"<p>Las personas interesadas en participar podr\u00e1n presentar su solicitud hasta el pr\u00f3ximo lunes 28 de enero. Asimismo, se han modificado ligeramente los requisitos de admisi\u00f3n.<\/p>\n<p>La Fundaci&oacute;n General Universidad de  La Laguna contin&uacute;a con la formaci&oacute;n para Agentes de Help Desk. Se trata  de un programa cofinanciado con Fondos Comunitarios del Fondo Social  Europeo, a trav&eacute;s del Programa Operativo Plurirregional de Adaptabilidad  y Empleo 2007ES05UPO001, para el periodo 2007-2013, con un porcentaje  de cofinanciaci&oacute;n del 80%.<\/p>\n<p>Esta formaci&oacute;n tiene&nbsp; un compromiso de inserci&oacute;n laboral posterior  de, al menos, el 60% de los alumnos\/as que terminen el curso. Las  personas seleccionadas pasar&aacute;n a formar parte de las empresas Atos  Consulting Canarias SL y Serem Consultor&iacute;a Empresarial, SL.<\/p>\n<p>Pueden <strong>consultar el programa<\/strong> haciendo <a href='http:\/\/www.feull.org\/es\/proyecto\/acciones_formativas_con_compromiso_de_contratacion_denominadas_agente_help_desk\/59\/'>clic aqu&iacute;<\/a>.<\/p>\n<p>Tras actualizar la informaci&oacute;n, estos son los <strong>requisitos necesarios<\/strong> para participar:<\/p>\n<p>&#8211; Estar en situaci&oacute;n de desempleo, con alta como demandantes de  empleo formalizada en las oficinas del Servicio Canario de Empleo.<\/p>\n<p>&#8211; Acreditar como m&iacute;nimo un nivel B2 de ingl&eacute;s. Adem&aacute;s, se valorar&aacute;n  positivamente los conocimientos en otros idiomas como el holand&eacute;s,  portugu&eacute;s, sueco, franc&eacute;s, italiano y alem&aacute;n.<\/p>\n<p>&#8211; Conocimientos b&aacute;sicos de inform&aacute;tica<\/p>\n<p>Pr&oacute;ximamente se dispondr&aacute; la informaci&oacute;n sobre las pruebas de nivel de idiomas e inform&aacute;tica.<\/p>\n<p>Las personas interesadas en participar pueden formalizar su solicitud haciendo <a href='https:\/\/servicios.feu.ull.es\/Portal\/ExpedienteOfertado.aspx?COD=A13010022'>clic aqu&iacute;.<\/a><\/p>\n","protected":false},"excerpt":{"rendered":"<p>Las personas interesadas en participar podr\u00e1n presentar su solicitud hasta el pr\u00f3ximo lunes 28 de enero. Asimismo, se han modificado ligeramente los requisitos de admisi\u00f3n.<\/p>\n","protected":false},"author":36,"featured_media":10909,"comment_status":"closed","ping_status":"open","sticky":false,"template":"","format":"standard","meta":{"footnotes":""},"categories":[3,5],"tags":[173,425,518,672],"featured_image_thumbnail_url":"https:\/\/fg.ull.es\/hemeroteca\/wp-content\/uploads\/sites\/14\/2015\/04\/1088_jj_cartel_agente_help_deskjpg-212x300.jpg","_links":{"self":[{"href":"https:\/\/fg.ull.es\/hemeroteca\/wp-json\/wp\/v2\/posts\/10910"}],"collection":[{"href":"https:\/\/fg.ull.es\/hemeroteca\/wp-json\/wp\/v2\/posts"}],"about":[{"href":"https:\/\/fg.ull.es\/hemeroteca\/wp-json\/wp\/v2\/types\/post"}],"author":[{"embeddable":true,"href":"https:\/\/fg.ull.es\/hemeroteca\/wp-json\/wp\/v2\/users\/36"}],"replies":[{"embeddable":true,"href":"https:\/\/fg.ull.es\/hemeroteca\/wp-json\/wp\/v2\/comments?post=10910"}],"version-history":[{"count":0,"href":"https:\/\/fg.ull.es\/hemeroteca\/wp-json\/wp\/v2\/posts\/10910\/revisions"}],"wp:featuredmedia":[{"embeddable":true,"href":"https:\/\/fg.ull.es\/hemeroteca\/wp-json\/wp\/v2\/media\/10909"}],"wp:attachment":[{"href":"https:\/\/fg.ull.es\/hemeroteca\/wp-json\/wp\/v2\/media?parent=10910"}],"wp:term":[{"taxonomy":"category","embeddable":true,"href":"https:\/\/fg.ull.es\/hemeroteca\/wp-json\/wp\/v2\/categories?post=10910"},{"taxonomy":"post_tag","embeddable":true,"href":"https:\/\/fg.ull.es\/hemeroteca\/wp-json\/wp\/v2\/tags?post=10910"}],"curies":[{"name":"wp","href":"https:\/\/api.w.org\/{rel}","templated":true}]}}