{"id":10796,"date":"2012-11-30T16:44:01","date_gmt":"2012-11-30T16:44:01","guid":{"rendered":"http:\/\/www.fg.ull.es\/?p=10796"},"modified":"2012-11-30T16:44:01","modified_gmt":"2012-11-30T16:44:01","slug":"obiten-dedica-su-jornada-tecnica-anual-a-la-convivencia-multicultural","status":"publish","type":"post","link":"https:\/\/fg.ull.es\/hemeroteca\/2012\/11\/30\/obiten-dedica-su-jornada-tecnica-anual-a-la-convivencia-multicultural\/","title":{"rendered":"OBITen dedica su jornada t\u00e9cnica anual a la convivencia multicultural"},"content":{"rendered":"<p>El Observatorio de la Inmigraci\u00f3n de Tenerife (OBITen), una iniciativa auspiciada conjuntamente por la ULL y el Cabildo de Tenerife, celebr\u00f3 el jueves 29 de noviembre su jornada t\u00e9cnica anual.<\/p>\n<p>En  este  caso ha estado destinada a analizar las diferentes estrategias  para  armonizar la convivencia en &aacute;mbitos de gran diversidad cultural,  como es  el caso de Canarias.<\/p>\n<p>En la presentaci&oacute;n de la jornada estuvieron presentes el consejero de  Empleo, Desarrollo Econ&oacute;mico, Comercio y Acci&oacute;n Exterior del Cabildo de  Tenerife, Efra&iacute;n Medina, y el propio rector del centro anfitri&oacute;n,  Eduardo Dom&eacute;nech. El propio consejero se&ntilde;al&oacute; la importancia de  fortalecer la cohesi&oacute;n social para construir sociedades en paz. `Tenemos  que ser menos n&uacute;mero y m&aacute;s personas&acute;, aleg&oacute;, al tiempo que tambi&eacute;n  sostuvo la necesidad de trabajar con herramientas de integraci&oacute;n, por lo  que alab&oacute; la tarea que est&aacute; llevando a cabo el observatorio.<\/p>\n<p>Por su parte, el rector apunt&oacute; que ante un fen&oacute;meno tan din&aacute;mico y  cambiante como es la poblaci&oacute;n, y en especial la inmigrante, `OBITen ha  sabido responder con tanta agilidad como rigurosidad, ofreciendo un  an&aacute;lisis t&eacute;cnico y preciso de esta realidad demogr&aacute;fica a trav&eacute;s de  numerosos informes&acute;. Dom&eacute;nech hizo hincapi&eacute; en que la labor de este  grupo de expertos va m&aacute;s all&aacute; del mero plano te&oacute;rico y trata  directamente con las personas, `ya que sin duda, el mejor modo de  conocer los problemas y aspiraciones de la poblaci&oacute;n es abordarlos cara a  cara&acute;. En su opini&oacute;n, `el trabajo desarrollado en los barrios y con  asociaciones de colectivos vecinales y de inmigrantes es, en este  sentido, ejemplar, y una sana muestra de la capacidad que tienen las  iniciativas acad&eacute;micas para bajar a pie de calle y afrontar sin el  escudo del academicismo los problemas reales&acute;.<\/p>\n<p>De hecho, el encuentro de hoy no solamente recoger&aacute; el testimonio de  gestores municipales de ayuntamientos como Sabadell o La Laguna y  organizaciones ciudadanas y vecinales de Tenerife y Lanzarote. Tambi&eacute;n  habr&aacute; espacio para aportaciones de tipo m&aacute;s t&eacute;cnico, a cargo de  investigadores de la Universidad Aut&oacute;noma de Barcelona o de iniciativas  como ?Juntos en la misma direcci&oacute;n?, promovida por el propio OBITen. <\/p>\n<p> Este encuentro coincide con la reciente incorporaci&oacute;n del Cabildo de  Tenerife a la Red Espa&ntilde;ola de Ciudades Interculturales (RECI), que ha  permitido a las instituciones insulares entrar en contacto con otras  poblaciones que comparten con la isla una composici&oacute;n demogr&aacute;fica  diversa, intercambiar experiencias y presentar los resultados obtenidos  durante a&ntilde;os de trabajo en iniciativas de integraci&oacute;n.<\/p>\n<p>Para el rector de la ULL, la diversidad cultural plantea nuevos retos a  la convivencia. `Y frente a posturas que afrontan este fen&oacute;meno como un  problema, desde la universidad, que como su propio nombre indica es una  instituci&oacute;n abierta e integradora, proponemos la postura opuesta: la  multiculturalidad como riqueza, un factor que puede favorecer la  configuraci&oacute;n de una sociedad m&aacute;s igualitaria y desarrollada&acute;.<\/p>\n<p><strong>Diversidad europea<br \/> <\/strong><\/p>\n<p>La coordinadora de la Red Espa&ntilde;ola de Ciudades Interculturales y  experta en migraciones internacionales, Gemma Pinyol, fue la primera  ponente en participar en la jornada t&eacute;cnica de OBITen, que en su d&eacute;cimo  segunda edici&oacute;n ha contado con 150 personas inscritas y 25 ponentes.<\/p>\n<p>Pinyol se&ntilde;al&oacute; que Europa no es un escenario migratorio homog&eacute;neo, y, de  hecho, demostr&oacute; c&oacute;mo hay un modelo central protagonizado por Francia y  los pa&iacute;ses del Benelux, con una inmigraci&oacute;n acaecida despu&eacute;s de la  Segunda Guerra Mundial de la que ya han salido cuartas, quintas y sextas  generaciones de ciudadanos, frente a un modelo migratorio m&aacute;s reciente y  vinculado a los pa&iacute;ses del sur, entre los que se encuentra Espa&ntilde;a, que  empez&oacute; a recibir poblaci&oacute;n extranjera de forma masiva a partir del a&ntilde;o  2000.<\/p>\n<p>Por otro lado tambi&eacute;n figura el modelo de los pa&iacute;ses n&oacute;rdicos, muy  distinto a los dos casos mencionados y en este caso vinculado a procesos  de acogida o de asilo relacionados con conflictos b&eacute;licos o pol&iacute;ticos  en los pa&iacute;ses de origen. Una cuarta y &uacute;ltima clasificaci&oacute;n vendr&iacute;a  conformada por la Europa del Este, con un fen&oacute;meno migratorio poco  conocido y donde se entremezclan pa&iacute;ses de tr&aacute;nsito con otros de  destino.<\/p>\n<p>La experta apunt&oacute; que ante este panorama tan diverso, la pol&iacute;tica  migratoria de los pa&iacute;ses naci&oacute; como una realidad inesperada, expresada a  trav&eacute;s de dos vertientes: por un lado, el control de flujos migratorios  de entrada, con mecanismos reactivos de limitaci&oacute;n de entrada y, por  otro, a trav&eacute;s de pol&iacute;ticas de integraci&oacute;n que vinieron a recaer sobre  los servicios sociales de ayuntamientos y otros organismos y que han  causado un enorme impacto.<\/p>\n<p>En opini&oacute;n de Pinyol, fueron las corporaciones locales las que tuvieron  que dar respuesta a esta realidad sin estar preparadas para ello. Poco a  poco los ayuntamientos han ido reclamando recursos y competencias, al  tiempo que se&ntilde;alando demandas para gestionar ciudades pac&iacute;ficas e  integradoras.<\/p>\n<p>La ponente explic&oacute; que aunque los flujos migratorios se hayan reducido  debido a la crisis econ&oacute;mica, la diversidad cultural no puede dejar de  ser atendida, porque se ha de seguir trabajando para conseguir una  sociedad cohesionada. Pinyol puso como ejemplo de mala pr&aacute;ctica lo  sucedido en Francia, con una inmigraci&oacute;n que lleva d&eacute;cadas en el pa&iacute;s  galo y que, por falta de atenci&oacute;n en los &aacute;mbitos locales, ha sucedido  que en ocasiones se produzcan revueltas y alteraciones del orden p&uacute;blico  por parte de colectivos de inmigrantes insatisfechos.<\/p>\n<p>Con todo, la experta destac&oacute; que la integraci&oacute;n es mucho m&aacute;s que la  atenci&oacute;n que procuran los servicios sociales. Se trata de un proceso  multidimensional y, de hecho, sostuvo que los programas europeos est&aacute;n  haciendo &eacute;nfasis en la mayor integraci&oacute;n local.<\/p>\n<p>La conferenciante apunt&oacute; algunas variables en las que Espa&ntilde;a est&aacute; bien  situada y otras en las que no tanto. As&iacute;, destac&oacute; como aspectos  positivos el nivel de reagrupaci&oacute;n familiar o la residencia de larga  duraci&oacute;n, mientras que en el acceso a la nacionalidad, en el desarrollo  de programas de dimensi&oacute;n intercultural en la escuela o en participaci&oacute;n  pol&iacute;tica en el contexto local no estamos en las mejores posiciones.<\/p>\n","protected":false},"excerpt":{"rendered":"<p>El Observatorio de la Inmigraci\u00f3n de Tenerife (OBITen), una iniciativa auspiciada conjuntamente por la ULL y el Cabildo de Tenerife, celebr\u00f3 el jueves 29 de noviembre su jornada t\u00e9cnica anual.<\/p>\n","protected":false},"author":36,"featured_media":10795,"comment_status":"closed","ping_status":"open","sticky":false,"template":"","format":"standard","meta":{"footnotes":""},"categories":[8],"tags":[173,1305,1424],"featured_image_thumbnail_url":"https:\/\/fg.ull.es\/hemeroteca\/wp-content\/uploads\/sites\/14\/2015\/04\/1035_4q_xii_jorn_obiten_03-300x200.jpg","_links":{"self":[{"href":"https:\/\/fg.ull.es\/hemeroteca\/wp-json\/wp\/v2\/posts\/10796"}],"collection":[{"href":"https:\/\/fg.ull.es\/hemeroteca\/wp-json\/wp\/v2\/posts"}],"about":[{"href":"https:\/\/fg.ull.es\/hemeroteca\/wp-json\/wp\/v2\/types\/post"}],"author":[{"embeddable":true,"href":"https:\/\/fg.ull.es\/hemeroteca\/wp-json\/wp\/v2\/users\/36"}],"replies":[{"embeddable":true,"href":"https:\/\/fg.ull.es\/hemeroteca\/wp-json\/wp\/v2\/comments?post=10796"}],"version-history":[{"count":0,"href":"https:\/\/fg.ull.es\/hemeroteca\/wp-json\/wp\/v2\/posts\/10796\/revisions"}],"wp:featuredmedia":[{"embeddable":true,"href":"https:\/\/fg.ull.es\/hemeroteca\/wp-json\/wp\/v2\/media\/10795"}],"wp:attachment":[{"href":"https:\/\/fg.ull.es\/hemeroteca\/wp-json\/wp\/v2\/media?parent=10796"}],"wp:term":[{"taxonomy":"category","embeddable":true,"href":"https:\/\/fg.ull.es\/hemeroteca\/wp-json\/wp\/v2\/categories?post=10796"},{"taxonomy":"post_tag","embeddable":true,"href":"https:\/\/fg.ull.es\/hemeroteca\/wp-json\/wp\/v2\/tags?post=10796"}],"curies":[{"name":"wp","href":"https:\/\/api.w.org\/{rel}","templated":true}]}}