{"id":10756,"date":"2012-11-23T17:50:51","date_gmt":"2012-11-23T17:50:51","guid":{"rendered":"http:\/\/www.fg.ull.es\/?p=10756"},"modified":"2012-11-23T17:50:51","modified_gmt":"2012-11-23T17:50:51","slug":"la-ull-y-la-feull-expresaron-su-compromiso-contra-la-violencia-de-genero","status":"publish","type":"post","link":"https:\/\/fg.ull.es\/hemeroteca\/2012\/11\/23\/la-ull-y-la-feull-expresaron-su-compromiso-contra-la-violencia-de-genero\/","title":{"rendered":"La ULL y la Feull expresaron su compromiso contra la violencia de g\u00e9nero"},"content":{"rendered":"<p>Trabajadoras de la Fundaci\u00f3n prepararon y repartieron lazos violetas que simbolizan la lucha social contra todas las formas de violencia contra las mujeres y se guard\u00f3 un minuto de silencio en recuerdo a las 57 v\u00edctimas de lo que va de a\u00f1o.<\/p>\n<p style='text-align: left'>El pr&oacute;ximo domingo se conmemora el D&iacute;a Internacional contra la Violencia  de G&eacute;nero. Por este motivo la Universidad de La Laguna y su Fundaci&oacute;n Empresa, han querido sumarse a la repulsa a todas las formas de violencia ejercida contra las mujeres que se visibiliza en ese d&iacute;a.&nbsp;<\/p>\n<p style='text-align: left'>La Fundaci&oacute;n Empresa Universidad de La Laguna particip&oacute; en el minuto de silencio convocado en todos los centros de la Universidad en memoria de las mujeres asesinadas durante lo que va de a&ntilde;o, donde se ley&oacute; un breve manifiesto.<\/p>\n<p style='text-align: left'>&nbsp;<\/p>\n<div style=\"max-width: 100%;max-height:100%\"><img src='http:\/\/www.fg.ull.es\/wp-content\/uploads\/2015\/04\/1020_h6_lazito.jpg'><\/div>\n","protected":false},"excerpt":{"rendered":"<p>Trabajadoras de la Fundaci\u00f3n prepararon y repartieron lazos violetas que simbolizan la lucha social contra todas las formas de violencia contra las mujeres y se guard\u00f3 un minuto de silencio en recuerdo a las 57 v\u00edctimas de lo que va de a\u00f1o.<\/p>\n","protected":false},"author":36,"featured_media":10754,"comment_status":"closed","ping_status":"open","sticky":false,"template":"","format":"standard","meta":{"footnotes":""},"categories":[6],"tags":[173,1223,1305,1424],"featured_image_thumbnail_url":"https:\/\/fg.ull.es\/hemeroteca\/wp-content\/uploads\/sites\/14\/2015\/04\/1019_nv_minuto_de_silencio_25n-300x201.jpg","_links":{"self":[{"href":"https:\/\/fg.ull.es\/hemeroteca\/wp-json\/wp\/v2\/posts\/10756"}],"collection":[{"href":"https:\/\/fg.ull.es\/hemeroteca\/wp-json\/wp\/v2\/posts"}],"about":[{"href":"https:\/\/fg.ull.es\/hemeroteca\/wp-json\/wp\/v2\/types\/post"}],"author":[{"embeddable":true,"href":"https:\/\/fg.ull.es\/hemeroteca\/wp-json\/wp\/v2\/users\/36"}],"replies":[{"embeddable":true,"href":"https:\/\/fg.ull.es\/hemeroteca\/wp-json\/wp\/v2\/comments?post=10756"}],"version-history":[{"count":0,"href":"https:\/\/fg.ull.es\/hemeroteca\/wp-json\/wp\/v2\/posts\/10756\/revisions"}],"wp:featuredmedia":[{"embeddable":true,"href":"https:\/\/fg.ull.es\/hemeroteca\/wp-json\/wp\/v2\/media\/10754"}],"wp:attachment":[{"href":"https:\/\/fg.ull.es\/hemeroteca\/wp-json\/wp\/v2\/media?parent=10756"}],"wp:term":[{"taxonomy":"category","embeddable":true,"href":"https:\/\/fg.ull.es\/hemeroteca\/wp-json\/wp\/v2\/categories?post=10756"},{"taxonomy":"post_tag","embeddable":true,"href":"https:\/\/fg.ull.es\/hemeroteca\/wp-json\/wp\/v2\/tags?post=10756"}],"curies":[{"name":"wp","href":"https:\/\/api.w.org\/{rel}","templated":true}]}}