{"id":10740,"date":"2012-11-23T10:35:07","date_gmt":"2012-11-23T10:35:07","guid":{"rendered":"http:\/\/www.fg.ull.es\/?p=10740"},"modified":"2012-11-23T10:35:07","modified_gmt":"2012-11-23T10:35:07","slug":"la-feull-manifiesta-su-compromiso-contra-la-violencia-de-genero-en-el-contexto-del-dia-internacional-contra-la-violencia-de-genero","status":"publish","type":"post","link":"https:\/\/fg.ull.es\/hemeroteca\/2012\/11\/23\/la-feull-manifiesta-su-compromiso-contra-la-violencia-de-genero-en-el-contexto-del-dia-internacional-contra-la-violencia-de-genero\/","title":{"rendered":"La Feull manifiesta su compromiso contra la violencia de g\u00e9nero en el contexto del D\u00eda Internacional contra la Violencia de G\u00e9nero"},"content":{"rendered":"<p>La Fundaci\u00f3n, a trav\u00e9s de su Comisi\u00f3n de Igualdad, se suma a los actos de rechazo propuestos por la Universidad de La Laguna entre los que se encuentra el guardar un minuto de silencio hoy, 23 de noviembre, a las 12 horas.<\/p>\n<p>Con motivo del D&iacute;a internacional contra la Violencia de G&eacute;nero el pr&oacute;ximo domingo 25 de noviembre, la Fundaci&oacute;n Empresa Universidad de La Laguna expresa su absoluto rechazo a todas las formas de violencia ejercida contra las mujeres.<\/p>\n<p>La Fundaci&oacute;n, a trav&eacute;s de su reciente Comisi&oacute;n de Igualdad, ha trabajado este tema, proponi&eacute;ndose varias acciones que se espera que se ejecuten, no solo de cara al 25 de noviembre, sino en un futuro pr&oacute;ximo.<\/p>\n<p>Asimismo, la Feull se suma a la campa&ntilde;a `Identifica al agresor&acute; promovida por el Instituto Canario de Igualdad. Su objetivo es propiciar que se reconozca al asaltante dibujando su cara con frases que la sociedad no siempre reconoce como potencialmente peligrosas y que, sin embargo, deber&iacute;an tenerse en cuenta. En este sentido, el mensaje que se quiere difundir es claro y se centra en la siguiente frase: `Identifica al agresor, descubre d&oacute;nde empieza el maltrato y no lo permitas&acute;.<\/p>\n<p>En concreto, la Feull apuesta por la prevenci&oacute;n y erradicaci&oacute;n de los comportamientos violentos en cualquier &aacute;mbito, incluido el laboral. Este compromiso se materializa en la aplicaci&oacute;n de un `Protocolo para combatir el acoso sexual y sexista en el trabajo&acute; elaborado y aprobado en el marco del Plan de Igualdad de la Fundaci&oacute;n, aprobado el pasado mes de<\/p>\n<p><strong>La ULL propone un minuto de silencio<\/strong><\/p>\n<p>La Universidad de La Laguna se propone y anima a toda la comunidad universitaria a guardar un minuto de silencio el viernes 23 de noviembre a las 12 horas en los accesos principales de cada uno de los edificios de la ULL, para recordar as&iacute; a todas aquellas mujeres que han muerto este a&ntilde;o en mano de sus parejas.<\/p>\n<p>La Feull se sumar&aacute; a esta convocatoria saliendo al acceso de la Torre Profesor Ar&eacute;valo. Asimismo<\/p>\n<p>Asimismo, la ULL y la Feull &nbsp;animan a participar en las siguientes actividades organizadas por el Foro contra Violencia de G&eacute;nero de Tenerife:<\/p>\n<p>-Viernes, 23 de noviembre de 2012 de 17:30 a 21:00 horas:<br \/> Jornada: ?Perspectivas Feministas ante la Violencia Econ&oacute;mica de G&eacute;nero?. En Consejo Escolar de Canarias, C\/ Consistorio, 20 &#8211; La Laguna. Programa disponible en:<br \/> <a href='http:\/\/www.gobiernodecanarias.org\/opencms8\/opencms\/icigualdad\/resources\/25N2012\/25N12ForoTfeJor.pdf' target='_blank' rel=\"noopener noreferrer\">http:\/\/www.gobiernodecanarias.org\/opencms8\/opencms\/icigualdad\/resources\/25N2012\/25N12ForoTfeJor.pdf <br \/> <\/a>Ficha de inscripci&oacute;n:&nbsp;<a href='http:\/\/www.gobiernodecanarias.org\/opencms8\/opencms\/icigualdad\/resources\/25N2012\/25N12ForoTfeJorIn.pdf' target='_blank' rel=\"noopener noreferrer\">http:\/\/www.gobiernodecanarias.org\/opencms8\/opencms\/icigualdad\/resources\/25N2012\/25N12ForoTfeJorIn.pdf&nbsp;<\/a><\/p>\n<p> -Domingo, 25 de noviembre de 2012 a partir de las 12:00 horas<br \/> Manifestaci&oacute;n desde Plaza de la Concepci&oacute;n (La Laguna). Stand informativo desde las 10:30 horas.<\/p>\n<p> Y a cualquier otra de entre las que, con el mismo motivo, tendr&aacute;n lugar en otros municipios de la isla, y que se pueden consultar en la Agenda colectiva 25 de noviembre de 2012-Canarias elaborada por el Instituto Canario de Igualdad:&nbsp;<a href='http:\/\/www.gobiernodecanarias.org\/opencms8\/opencms\/icigualdad\/inicio\/actualidad_nov_09.html'>http:\/\/www.gobiernodecanarias.org\/opencms8\/opencms\/icigualdad\/inicio\/actualidad_nov_09.html<\/a><\/p>\n<p>* Nota elaborada con la colaboraci&oacute;n del Gabinete de Prensa de la ULL.<\/p>\n","protected":false},"excerpt":{"rendered":"<p>La Fundaci\u00f3n, a trav\u00e9s de su Comisi\u00f3n de Igualdad, se suma a los actos de rechazo propuestos por la Universidad de La Laguna entre los que se encuentra el guardar un minuto de silencio hoy, 23 de noviembre, a las 12 horas.<\/p>\n","protected":false},"author":36,"featured_media":10739,"comment_status":"closed","ping_status":"open","sticky":false,"template":"","format":"standard","meta":{"footnotes":""},"categories":[6],"tags":[173,1223,1305,1424],"featured_image_thumbnail_url":"https:\/\/fg.ull.es\/hemeroteca\/wp-content\/uploads\/sites\/14\/2015\/04\/1013_wd_violencia_genero-269x300.jpg","_links":{"self":[{"href":"https:\/\/fg.ull.es\/hemeroteca\/wp-json\/wp\/v2\/posts\/10740"}],"collection":[{"href":"https:\/\/fg.ull.es\/hemeroteca\/wp-json\/wp\/v2\/posts"}],"about":[{"href":"https:\/\/fg.ull.es\/hemeroteca\/wp-json\/wp\/v2\/types\/post"}],"author":[{"embeddable":true,"href":"https:\/\/fg.ull.es\/hemeroteca\/wp-json\/wp\/v2\/users\/36"}],"replies":[{"embeddable":true,"href":"https:\/\/fg.ull.es\/hemeroteca\/wp-json\/wp\/v2\/comments?post=10740"}],"version-history":[{"count":0,"href":"https:\/\/fg.ull.es\/hemeroteca\/wp-json\/wp\/v2\/posts\/10740\/revisions"}],"wp:featuredmedia":[{"embeddable":true,"href":"https:\/\/fg.ull.es\/hemeroteca\/wp-json\/wp\/v2\/media\/10739"}],"wp:attachment":[{"href":"https:\/\/fg.ull.es\/hemeroteca\/wp-json\/wp\/v2\/media?parent=10740"}],"wp:term":[{"taxonomy":"category","embeddable":true,"href":"https:\/\/fg.ull.es\/hemeroteca\/wp-json\/wp\/v2\/categories?post=10740"},{"taxonomy":"post_tag","embeddable":true,"href":"https:\/\/fg.ull.es\/hemeroteca\/wp-json\/wp\/v2\/tags?post=10740"}],"curies":[{"name":"wp","href":"https:\/\/api.w.org\/{rel}","templated":true}]}}