{"id":10455,"date":"2012-09-06T10:42:57","date_gmt":"2012-09-06T10:42:57","guid":{"rendered":"http:\/\/www.fg.ull.es\/?p=10455"},"modified":"2012-09-06T10:42:57","modified_gmt":"2012-09-06T10:42:57","slug":"el-foro-de-oportunidades-de-negocio-en-las-tic-de-la-ull-reunira-a-los-emprendedores-tecnologicos-en-tenerife","status":"publish","type":"post","link":"https:\/\/fg.ull.es\/hemeroteca\/2012\/09\/06\/el-foro-de-oportunidades-de-negocio-en-las-tic-de-la-ull-reunira-a-los-emprendedores-tecnologicos-en-tenerife\/","title":{"rendered":"El Foro de Oportunidades de Negocio en las TIC de la ULL reunir\u00e1 a los emprendedores tecnol\u00f3gicos en Tenerife"},"content":{"rendered":"<p>La jornada principal del Foro se celebrar\u00e1 el pr\u00f3ximo 24 de septiembre. Contar\u00e1 con la colaboraci\u00f3n de prestigiosos ponentes y con la celebraci\u00f3n de charlas formativas y talleres.<\/p>\n<p style='text-align: justify'><a href='http:\/\/emprendeull.ning.com\/'>Emprende.ull<\/a>, a trav&eacute;s de la <a href='http:\/\/www.ull.es\/'>Universidad de La Laguna<\/a> y su Fundaci&oacute;n Empresa y, en colaboraci&oacute;n con el <a href='http:\/\/www3.gobiernodecanarias.org\/empleo\/portal\/web\/sce'>Servicio Canario de Empleo<\/a> del Gobierno de Canarias, organiza el <strong>Foro de Oportunidades de Negocio en las TIC<\/strong> (FONTIC). La cita tendr&aacute; lugar los pr&oacute;ximos <strong>24 y 25 de septiembre<\/strong>, en el Aula Magna de la <strong>Facultad de F&iacute;sica y Matem&aacute;ticas<\/strong> de la ULL.<\/p>\n<p style='text-align: justify'><strong>FONTIC<\/strong> pretende convertirse en un <strong>punto de encuentro<\/strong> para que los emprendedores tecnol&oacute;gicos conozcan las principales claves y herramientas para conseguir el &eacute;xito profesional en un campo en imparable evoluci&oacute;n durante los &uacute;ltimos a&ntilde;os. M&aacute;s de una <strong>decena de ponentes y profesores<\/strong> de reconocido prestigio intercambiar&aacute;n sus experiencias y conocimientos con los asistentes, en unas<strong> jornadas<\/strong> en las que se suceder&aacute;n<strong> charlas y talleres<\/strong> relacionados con la movilidad.<\/p>\n<p style='text-align: justify'>As&iacute;, durante la <strong>ma&ntilde;ana del 24 de septiembre<\/strong>, se profundizar&aacute; en las oportunidades derivadas del marketing, el entretenimiento o la seguridad en dispositivos de &uacute;ltima generaci&oacute;n, adem&aacute;s de contar con una <strong>mesa redonda<\/strong>, que analizar&aacute; las experiencias de los emprendedores fuera de nuestras fronteras<\/p>\n<p style='text-align: justify'>Durante las jornada de las <strong>tardes del 24 y 25 de septiembre<\/strong>, se alternar&aacute;n diferentes <strong>talleres<\/strong>, que se centrar&aacute;n en el desarrollo de aplicaciones para diferentes sistemas m&oacute;viles, como Android, iOS o Windows Phone.<\/p>\n<p style='text-align: justify'>Toda la informaci&oacute;n de la jornada, incluida la inscripci&oacute;n, estar&aacute; disponible en la web <a href='http:\/\/fontic.sitios.feull.org'>http:\/\/fontic.sitios.feull.org<\/a><\/p>\n<p style='text-align: justify'><strong>El desaf&iacute;o tecnol&oacute;gico<\/strong><\/p>\n<p style='text-align: justify'>Sin embargo, la principal novedad que trae consigo este Foro de Oportunidades de Negocio ser&aacute; el &#8216;Desaf&iacute;o FONTIC&#8217;, un <strong>concurso<\/strong> en el que los participantes deber&aacute;n desarrollar una <strong>nueva aplicaci&oacute;n para smartphones<\/strong> sobre cualquiera de las plataformas existentes, valor&aacute;ndose, especialmente, que su p&uacute;blico objetivo sea la<strong> comunidad universitaria<\/strong>. El premio est&aacute; dotado con <strong>300 euros en met&aacute;lico<\/strong> y el plazo de presentaci&oacute;n finalizar&aacute; el<strong> 30 de septiembre<\/strong>.<\/p>\n","protected":false},"excerpt":{"rendered":"<p>La jornada principal del Foro se celebrar\u00e1 el pr\u00f3ximo 24 de septiembre. Contar\u00e1 con la colaboraci\u00f3n de prestigiosos ponentes y con la celebraci\u00f3n de charlas formativas y talleres.<\/p>\n","protected":false},"author":36,"featured_media":10454,"comment_status":"closed","ping_status":"open","sticky":false,"template":"","format":"standard","meta":{"footnotes":""},"categories":[8],"tags":[173,533,541],"featured_image_thumbnail_url":"https:\/\/fg.ull.es\/hemeroteca\/wp-content\/uploads\/sites\/14\/2015\/04\/909_ir_fonticforooportunidadesnegocioullemprendeemprendimientoticmoviles-248x300.png","_links":{"self":[{"href":"https:\/\/fg.ull.es\/hemeroteca\/wp-json\/wp\/v2\/posts\/10455"}],"collection":[{"href":"https:\/\/fg.ull.es\/hemeroteca\/wp-json\/wp\/v2\/posts"}],"about":[{"href":"https:\/\/fg.ull.es\/hemeroteca\/wp-json\/wp\/v2\/types\/post"}],"author":[{"embeddable":true,"href":"https:\/\/fg.ull.es\/hemeroteca\/wp-json\/wp\/v2\/users\/36"}],"replies":[{"embeddable":true,"href":"https:\/\/fg.ull.es\/hemeroteca\/wp-json\/wp\/v2\/comments?post=10455"}],"version-history":[{"count":0,"href":"https:\/\/fg.ull.es\/hemeroteca\/wp-json\/wp\/v2\/posts\/10455\/revisions"}],"wp:featuredmedia":[{"embeddable":true,"href":"https:\/\/fg.ull.es\/hemeroteca\/wp-json\/wp\/v2\/media\/10454"}],"wp:attachment":[{"href":"https:\/\/fg.ull.es\/hemeroteca\/wp-json\/wp\/v2\/media?parent=10455"}],"wp:term":[{"taxonomy":"category","embeddable":true,"href":"https:\/\/fg.ull.es\/hemeroteca\/wp-json\/wp\/v2\/categories?post=10455"},{"taxonomy":"post_tag","embeddable":true,"href":"https:\/\/fg.ull.es\/hemeroteca\/wp-json\/wp\/v2\/tags?post=10455"}],"curies":[{"name":"wp","href":"https:\/\/api.w.org\/{rel}","templated":true}]}}