{"id":10452,"date":"2012-08-22T13:56:58","date_gmt":"2012-08-22T13:56:58","guid":{"rendered":"http:\/\/www.fg.ull.es\/?p=10452"},"modified":"2012-08-22T13:56:58","modified_gmt":"2012-08-22T13:56:58","slug":"70-jovenes-titulados-de-las-islas-finalizan-su-formacion-para-dinamizar-la-innovacion-tecnologica-en-empresas-y-centros-de-id-canarios","status":"publish","type":"post","link":"https:\/\/fg.ull.es\/hemeroteca\/2012\/08\/22\/70-jovenes-titulados-de-las-islas-finalizan-su-formacion-para-dinamizar-la-innovacion-tecnologica-en-empresas-y-centros-de-id-canarios\/","title":{"rendered":"70 j\u00f3venes titulados de las Islas finalizan su formaci\u00f3n para dinamizar la innovaci\u00f3n tecnol\u00f3gica en empresas y centros de I+D canarios"},"content":{"rendered":"<p>La formaci\u00f3n se ha desarrollado a trav\u00e9s del &#8216;Taller de valoraci\u00f3n y comercializaci\u00f3n de tecnolog\u00eda&#8217;, promovido por el Gobierno de Canarias.<\/p>\n<p style='text-align: justify'>Un total de <strong>70 j&oacute;venes titulados  universitarios<\/strong> ha participado en el &#8216;Taller de valoraci&oacute;n y  comercializaci&oacute;n de tecnolog&iacute;a&#8217; (TDVCT), iniciativa impulsada por la  <a href='http:\/\/agencia.itccanarias.org\/es\/index.jsp'>Agencia Canaria de Investigaci&oacute;n, Innovaci&oacute;n y Sociedad de la  Informaci&oacute;n<\/a> (ACIISI) del Gobierno de Canarias, con el objetivo de que  las empresas y centros de I D de las Islas puedan aprovechar su  potencial innovador vinculado a la tecnolog&iacute;a, contando para ello con  gestores formados en valoraci&oacute;n tecnol&oacute;gica para atender sus necesidades  y detectar oportunidades.<\/p>\n<p style='text-align: justify'>El  &#8216;Taller de valoraci&oacute;n y comercializaci&oacute;n de tecnolog&iacute;a&#8217; (TDVCT),  organizado en ambas provincias canarias por la <strong>Fundaci&oacute;n Empresa  Universidad de La Laguna<\/strong> y por la Fundaci&oacute;n Universitaria de Las Palmas,  ha contado con seis m&oacute;dulos formativos, impartidos por destacados  profesionales del sector de la innovaci&oacute;n y el desarrollo tecnol&oacute;gico.<\/p>\n<p style='text-align: justify'>Los contenidos te&oacute;ricos abordaron  aspectos clave para <strong>cualificar a los Gestores en Valoraci&oacute;n Tecnol&oacute;gica<\/strong>,  como la inteligencia competitiva y vigilancia tecnol&oacute;gica, la  valorizaci&oacute;n y transferencia de tecnolog&iacute;as, la propiedad industrial e  intelectual, el marketing comercializaci&oacute;n de tecnolog&iacute;a y los  fundamentos para la creaci&oacute;n de empresas de base tecnol&oacute;gica.<\/p>\n<p style='text-align: justify'>Los 70 profesionales que participaron en  este programa formativo han adquirido las <strong>competencias necesarias para  apoyar a las empresas intensivas en conocimiento y centros de I D de  Canarias<\/strong> a incorporar, adecuar y comercializar productos y servicios  innovadores basados en las nuevas tecnolog&iacute;as.<\/p>\n<p style='text-align: justify'>De esta manera, los nuevos gestores  ser&aacute;n capaces de identificar y evaluar tecnolog&iacute;as, valorar el grado de  protecci&oacute;n de tecnolog&iacute;as a nivel nacional e internacional y propiciar  procesos de comercializaci&oacute;n y acuerdos de transferencia tecnol&oacute;gicos.<\/p>\n<p style='text-align: justify'><strong>Pr&aacute;cticas de innovaci&oacute;n<\/strong><\/p>\n<p style='text-align: justify'>Esta iniciativa cuenta tambi&eacute;n con una  parte de <strong>formaci&oacute;n pr&aacute;ctica<\/strong> en la que participar&aacute;n <strong>46 de los 70 alumnos<\/strong> que han superado la formaci&oacute;n te&oacute;rica en las dos provincias canarias.  Esta fase pr&aacute;ctica, que iniciar&aacute; el <strong>pr&oacute;ximo mes de septiembre<\/strong>, consiste  en la inserci&oacute;n del alumnado seleccionado en centros de investigaci&oacute;n y  empresas participantes en el programa, <strong>durante tres meses<\/strong>, para que  apliquen los conocimientos adquiridos.<\/p>\n<p style='text-align: justify'>Durante su estancia en dichas  organizaciones, deber&aacute;n <strong>analizar y valorar las opciones de  comercializaci&oacute;n de las tecnolog&iacute;as desarrolladas en cada entidad y la  adquisici&oacute;n o incorporaci&oacute;n de tecnolog&iacute;as externas<\/strong> en su defecto, con  objeto de mejorar la competitividad y potenciar la transferencia de  conocimiento generado en las Universidades, Centros de Investigaci&oacute;n y  empresas canarias.<\/p>\n<p style='text-align: justify'><strong>Conocimiento y competitividad<\/strong><\/p>\n<p style='text-align: justify'>El ?Taller de Dinamizadores de  Valoraci&oacute;n y Comercializaci&oacute;n de Tecnolog&iacute;a (TDVCT)&#8217;, actuaci&oacute;n  cofinanciada en un 85% por el Fondo Social Europeo, tiene su origen en  varios proyectos impulsados en los &uacute;ltimos a&ntilde;os por la ACIISI para  promover la innovaci&oacute;n en el tejido empresarial de las Islas, mejorar la  competitividad y ofrecer una opci&oacute;n de cualificaci&oacute;n y empleabilidad de  futuro a los reci&eacute;n titulados universitarios.<\/p>\n<p style='text-align: justify'>Entre estas actuaciones destaca el  Programa de Formaci&oacute;n de Gestores de la Innovaci&oacute;n, desarrollado entre  2008 y 2011 para mejorar la calidad y competitividad del tejido  empresarial de Canarias y propiciar la creaci&oacute;n de empleo de la mano de  la innovaci&oacute;n. Mediante este programa se formaron 12.954 personas como  gestores para inculcar la cultura innovadora en la actividad cotidiana  de empresas, grupos de investigaci&oacute;n y en el &aacute;mbito universitario.<\/p>\n<p style='text-align: justify'>(Nota cedida por la Agencia Canaria de Investigaci&oacute;n, Innovaci&oacute;n y Sociedad de la  Informaci&oacute;n)<\/p>\n","protected":false},"excerpt":{"rendered":"<p>La formaci\u00f3n se ha desarrollado a trav\u00e9s del &#8216;Taller de valoraci\u00f3n y comercializaci\u00f3n de tecnolog\u00eda&#8217;, promovido por el Gobierno de Canarias.<\/p>\n","protected":false},"author":36,"featured_media":10451,"comment_status":"closed","ping_status":"open","sticky":false,"template":"","format":"standard","meta":{"footnotes":""},"categories":[8],"tags":[173,821,1439,1440],"featured_image_thumbnail_url":"https:\/\/fg.ull.es\/hemeroteca\/wp-content\/uploads\/sites\/14\/2015\/04\/906_63_dsc_0120-300x201.jpg","_links":{"self":[{"href":"https:\/\/fg.ull.es\/hemeroteca\/wp-json\/wp\/v2\/posts\/10452"}],"collection":[{"href":"https:\/\/fg.ull.es\/hemeroteca\/wp-json\/wp\/v2\/posts"}],"about":[{"href":"https:\/\/fg.ull.es\/hemeroteca\/wp-json\/wp\/v2\/types\/post"}],"author":[{"embeddable":true,"href":"https:\/\/fg.ull.es\/hemeroteca\/wp-json\/wp\/v2\/users\/36"}],"replies":[{"embeddable":true,"href":"https:\/\/fg.ull.es\/hemeroteca\/wp-json\/wp\/v2\/comments?post=10452"}],"version-history":[{"count":0,"href":"https:\/\/fg.ull.es\/hemeroteca\/wp-json\/wp\/v2\/posts\/10452\/revisions"}],"wp:featuredmedia":[{"embeddable":true,"href":"https:\/\/fg.ull.es\/hemeroteca\/wp-json\/wp\/v2\/media\/10451"}],"wp:attachment":[{"href":"https:\/\/fg.ull.es\/hemeroteca\/wp-json\/wp\/v2\/media?parent=10452"}],"wp:term":[{"taxonomy":"category","embeddable":true,"href":"https:\/\/fg.ull.es\/hemeroteca\/wp-json\/wp\/v2\/categories?post=10452"},{"taxonomy":"post_tag","embeddable":true,"href":"https:\/\/fg.ull.es\/hemeroteca\/wp-json\/wp\/v2\/tags?post=10452"}],"curies":[{"name":"wp","href":"https:\/\/api.w.org\/{rel}","templated":true}]}}