{"id":10443,"date":"2012-08-16T10:47:20","date_gmt":"2012-08-16T10:47:20","guid":{"rendered":"http:\/\/www.fg.ull.es\/?p=10443"},"modified":"2012-08-16T10:47:20","modified_gmt":"2012-08-16T10:47:20","slug":"el-espacio-universitario-audiovisual-innovara-en-el-mercado-canario-con-un-curso-de-musica-para-cine","status":"publish","type":"post","link":"https:\/\/fg.ull.es\/hemeroteca\/2012\/08\/16\/el-espacio-universitario-audiovisual-innovara-en-el-mercado-canario-con-un-curso-de-musica-para-cine\/","title":{"rendered":"El Espacio Universitario Audiovisual innovar\u00e1 en el mercado canario con un curso de &#039;m\u00fasica para cine&#039;"},"content":{"rendered":"<p>El objetivo prioritario del curso es formar a profesionales del sector audiovisual con s\u00f3lidos conocimientos en la creaci\u00f3n de m\u00fasica para obras cinematogr\u00e1ficas<\/p>\n<p style='text-align: justify'>El E<a href='http:\/\/eua.feull.org\/'>spacio Universitario Audiovisual<\/a> (EUA) ya se prepara para impartir parte de la docencia del <em>Curso Superior Universitario en Composici&oacute;n de M&uacute;sica para Cine. <\/em>De este modo, el pr&oacute;ximo <strong>8 de octubre<\/strong> se iniciar&aacute; el m&oacute;dulo &nbsp;de <em>Historia y Orquestaci&oacute;n de M&uacute;sica para Cine, <\/em>con una duraci&oacute;n total de <strong>63 horas presenciales<\/strong> y que pretende dotar al alumnado de una potente base t&eacute;cnica que permita, paralelamente, el desarrollo de ciertas habilidades destinadas a la <strong>composici&oacute;n de m&uacute;sica para el audiovisual en sus diferentes formatos<\/strong>.<\/p>\n<p style='text-align: justify'>Esta primera parte del curso, que se impartir&aacute; <strong>hasta el 9 de noviembre<\/strong>, contar&aacute; con la <strong>direcci&oacute;n de Diego Navarro<\/strong>, director del Festival Internacional de M&uacute;sica de Cine de Tenerife &#8211; FIMUCIT&Eacute;, que intercambiar&aacute; toda su experiencia y los conocimientos adquiridos durante su dilatada trayectoria profesional con los participantes.<\/p>\n<p style='text-align: justify'><strong>Este curso<\/strong> superior, cuya duraci&oacute;n total es de 125 horas,<strong> se complementar&aacute;<\/strong> con el m&oacute;dulo de<em> Estructura y Composici&oacute;n de M&uacute;sica Original para Cine, <\/em>que est&aacute; previsto que comience a impartirse <strong>antes de finales de a&ntilde;o<\/strong>.<\/p>\n<p style='text-align: justify'>Toda la informaci&oacute;n est&aacute; disponible en el Portal Servicios de la Fundaci&oacute;n, <a href='https:\/\/servicios.feu.ull.es\/Portal\/'>https:\/\/servicios.feu.ull.es\/Portal\/<\/a>, desde donde puede realizarse la matr&iacute;cula.<\/p>\n<p style='text-align: justify'><strong>El Espacio Universitario Audiovisual, una apuesta &#8216;de vanguardia&#8217; <\/strong><\/p>\n<p style='text-align: justify'>EUA es un espacio formativo especializado en el sector audiovisual, impulsado por la <a href='http:\/\/www.ull.es\/'>Universidad de La Laguna<\/a> (especialmente a trav&eacute;s de <a href='http:\/\/ullmedia.udv.ull.es\/'>ULL Media<\/a>, la plataforma audiovisual a disposici&oacute;n de la comunidad universitaria) y su Fundaci&oacute;n Empresa (FEULL), junto con la empresa <a href='http:\/\/www.aucrea.com\/aucrea\/AUCREA.html'>AUCREA<\/a>.&nbsp;&nbsp;&nbsp;&nbsp;&nbsp;&nbsp;&nbsp;&nbsp;&nbsp;&nbsp;&nbsp;<\/p>\n<p>&nbsp;<\/p>\n","protected":false},"excerpt":{"rendered":"<p>El objetivo prioritario del curso es formar a profesionales del sector audiovisual con s\u00f3lidos conocimientos en la creaci\u00f3n de m\u00fasica para obras cinematogr\u00e1ficas<\/p>\n","protected":false},"author":36,"featured_media":10442,"comment_status":"closed","ping_status":"open","sticky":false,"template":"","format":"standard","meta":{"footnotes":""},"categories":[5],"tags":[173,192,609],"featured_image_thumbnail_url":"https:\/\/fg.ull.es\/hemeroteca\/wp-content\/uploads\/sites\/14\/2015\/04\/904_8z_eua_cartel-212x300.jpg","_links":{"self":[{"href":"https:\/\/fg.ull.es\/hemeroteca\/wp-json\/wp\/v2\/posts\/10443"}],"collection":[{"href":"https:\/\/fg.ull.es\/hemeroteca\/wp-json\/wp\/v2\/posts"}],"about":[{"href":"https:\/\/fg.ull.es\/hemeroteca\/wp-json\/wp\/v2\/types\/post"}],"author":[{"embeddable":true,"href":"https:\/\/fg.ull.es\/hemeroteca\/wp-json\/wp\/v2\/users\/36"}],"replies":[{"embeddable":true,"href":"https:\/\/fg.ull.es\/hemeroteca\/wp-json\/wp\/v2\/comments?post=10443"}],"version-history":[{"count":0,"href":"https:\/\/fg.ull.es\/hemeroteca\/wp-json\/wp\/v2\/posts\/10443\/revisions"}],"wp:featuredmedia":[{"embeddable":true,"href":"https:\/\/fg.ull.es\/hemeroteca\/wp-json\/wp\/v2\/media\/10442"}],"wp:attachment":[{"href":"https:\/\/fg.ull.es\/hemeroteca\/wp-json\/wp\/v2\/media?parent=10443"}],"wp:term":[{"taxonomy":"category","embeddable":true,"href":"https:\/\/fg.ull.es\/hemeroteca\/wp-json\/wp\/v2\/categories?post=10443"},{"taxonomy":"post_tag","embeddable":true,"href":"https:\/\/fg.ull.es\/hemeroteca\/wp-json\/wp\/v2\/tags?post=10443"}],"curies":[{"name":"wp","href":"https:\/\/api.w.org\/{rel}","templated":true}]}}