{"id":10440,"date":"2012-09-03T11:20:54","date_gmt":"2012-09-03T11:20:54","guid":{"rendered":"http:\/\/www.fg.ull.es\/?p=10440"},"modified":"2012-09-03T11:20:54","modified_gmt":"2012-09-03T11:20:54","slug":"el-instituto-universitario-de-la-empresa-y-la-ull-ultiman-la-docencia-de-la-oferta-de-posgrado-para-este-nuevo-curso-academico","status":"publish","type":"post","link":"https:\/\/fg.ull.es\/hemeroteca\/2012\/09\/03\/el-instituto-universitario-de-la-empresa-y-la-ull-ultiman-la-docencia-de-la-oferta-de-posgrado-para-este-nuevo-curso-academico\/","title":{"rendered":"El Instituto Universitario de la Empresa y la ULL ultiman la docencia de la oferta de posgrado para este nuevo curso acad\u00e9mico"},"content":{"rendered":"<p>La recepci\u00f3n de solicitudes de inscripci\u00f3n se mantendr\u00e1 abierta hasta el pr\u00f3ximo 30 de septiembre.<\/p>\n<p style='text-align: justify'>La <a href='http:\/\/www.ull.es\/'>Universidad de La Laguna<\/a> a trav&eacute;s del <a href='http:\/\/www.ull.es\/view\/institutos\/iude\/Inicio\/es'>Instituto Universitario de la Empresa<\/a> mantiene abierto el periodo de inscripci&oacute;n para su oferta acad&eacute;mica de postgrado. El <em>M&aacute;ster en Direcci&oacute;n de Empresas (MBA)<\/em> y el <em>M&aacute;ster en Asesor&iacute;a Fiscal y Contable<\/em>, en su XXII y XVII edici&oacute;n, respectivamente, se incluyen dentro de esta formaci&oacute;n universitaria, que comenzar&aacute; a impartirse a partir del pr&oacute;ximo<strong> mes de octubre<\/strong> del curso 2012\/2013.<\/p>\n<p style='text-align: justify'>Guiados por un equipo de docentes de reconocido prestigio, los estudiantes tendr&aacute;n la posibilidad de profundizar en el conocimiento de la <strong>gesti&oacute;n econ&oacute;mica y empresarial<\/strong>, con especial inter&eacute;s en la situaci&oacute;n de las Islas, que les permitir&aacute; estar preparados para el desarrollo de una actividad profesional en el que la especializaci&oacute;n toma un papel relevante. De este modo, el <em>M&aacute;ster en Direcci&oacute;n de Empresas (MBA)<\/em> permitir&aacute; adentrarse en una de las dos ramas en las que se estructura esta ense&ntilde;anza, &#8216;Direcci&oacute;n General&#8217; y &#8216;Project Management&#8217;, con una parte com&uacute;n a ambas especialidades y otra espec&iacute;fica, que <strong>intensificar&aacute;<\/strong> los conocimientos adecuados a estas dos &aacute;reas de la gesti&oacute;n de empresas, en las que se preparar&aacute; para la<strong> toma de decisiones<\/strong>.<\/p>\n<p style='text-align: justify'>Abordar el sistema fiscal y contable, analizando las caracter&iacute;sticas, la <strong>regulaci&oacute;n y la gesti&oacute;n de cada impuesto<\/strong> ser&aacute; uno de los objetivos prioritarios del <em>M&aacute;ster Universitario en Asesor&iacute;a Fiscal y Contable <\/em>que, a trav&eacute;s de <strong>pr&aacute;cticas y casos reales<\/strong>, pretende acercar al alumnado a la realidad del sistema econ&oacute;mico actual.<\/p>\n<p style='text-align: justify'>Ya son m&aacute;s de un millar de profesionales los que han egresado de las aulas de este Instituto Universitario de la Empresa (IUDE) de la Universidad de La Laguna (ULL).<\/p>\n<p style='text-align: justify'><strong>Una formaci&oacute;n econ&oacute;mica de gran importancia<\/strong><\/p>\n<p style='text-align: justify'>La ULL y el IUDE continuar&aacute;n recibiendo <strong>inscripciones<\/strong> a ambos m&aacute;steres <strong>hasta el pr&oacute;ximo 30 de septiembre<\/strong>.<\/p>\n<p style='text-align: justify'>La docencia comenzar&aacute; a impartirse a partir de octubre de 2012 y hasta septiembre de 2013, de lunes a mi&eacute;rcoles, de las 18 a las 21.45 horas y de forma presencial en las aulas del Instituto Universitario de la Empresa, situado en Santa Cruz de Tenerife.<\/p>\n","protected":false},"excerpt":{"rendered":"<p>La recepci\u00f3n de solicitudes de inscripci\u00f3n se mantendr\u00e1 abierta hasta el pr\u00f3ximo 30 de septiembre.<\/p>\n","protected":false},"author":36,"featured_media":10439,"comment_status":"closed","ping_status":"open","sticky":false,"template":"","format":"standard","meta":{"footnotes":""},"categories":[5],"tags":[173,672,1123],"featured_image_thumbnail_url":"https:\/\/fg.ull.es\/hemeroteca\/wp-content\/uploads\/sites\/14\/2015\/04\/908_gj_iudemastereconomiaformacionull-300x203.jpg","_links":{"self":[{"href":"https:\/\/fg.ull.es\/hemeroteca\/wp-json\/wp\/v2\/posts\/10440"}],"collection":[{"href":"https:\/\/fg.ull.es\/hemeroteca\/wp-json\/wp\/v2\/posts"}],"about":[{"href":"https:\/\/fg.ull.es\/hemeroteca\/wp-json\/wp\/v2\/types\/post"}],"author":[{"embeddable":true,"href":"https:\/\/fg.ull.es\/hemeroteca\/wp-json\/wp\/v2\/users\/36"}],"replies":[{"embeddable":true,"href":"https:\/\/fg.ull.es\/hemeroteca\/wp-json\/wp\/v2\/comments?post=10440"}],"version-history":[{"count":0,"href":"https:\/\/fg.ull.es\/hemeroteca\/wp-json\/wp\/v2\/posts\/10440\/revisions"}],"wp:featuredmedia":[{"embeddable":true,"href":"https:\/\/fg.ull.es\/hemeroteca\/wp-json\/wp\/v2\/media\/10439"}],"wp:attachment":[{"href":"https:\/\/fg.ull.es\/hemeroteca\/wp-json\/wp\/v2\/media?parent=10440"}],"wp:term":[{"taxonomy":"category","embeddable":true,"href":"https:\/\/fg.ull.es\/hemeroteca\/wp-json\/wp\/v2\/categories?post=10440"},{"taxonomy":"post_tag","embeddable":true,"href":"https:\/\/fg.ull.es\/hemeroteca\/wp-json\/wp\/v2\/tags?post=10440"}],"curies":[{"name":"wp","href":"https:\/\/api.w.org\/{rel}","templated":true}]}}