{"id":10422,"date":"2012-08-06T12:03:26","date_gmt":"2012-08-06T12:03:26","guid":{"rendered":"http:\/\/www.fg.ull.es\/?p=10422"},"modified":"2012-08-06T12:03:26","modified_gmt":"2012-08-06T12:03:26","slug":"la-feull-impulsa-la-creacion-de-empresas-de-base-tecnologica-a-traves-del-proyecto-de-cooperacion-transcrea","status":"publish","type":"post","link":"https:\/\/fg.ull.es\/hemeroteca\/2012\/08\/06\/la-feull-impulsa-la-creacion-de-empresas-de-base-tecnologica-a-traves-del-proyecto-de-cooperacion-transcrea\/","title":{"rendered":"La Feull impulsa la creaci\u00f3n de empresas de base tecnol\u00f3gica, a trav\u00e9s del proyecto de cooperaci\u00f3n &#039;Transcrea&#039;"},"content":{"rendered":"<p>La Fundaci\u00f3n fue encargada de la elaboraci\u00f3n de una &#8216;Red virtual de apoyo a la creaci\u00f3n de empresas de base tecnol\u00f3gica&#8217;, una de las principales acciones pilotos del proyecto en la provincia de Santa Cruz de Tenerife.<\/p>\n<p style='text-align: justify'>Mejorar la calidad, cobertura, profesionalidad y eficacia de los servicios de <strong>apoyo a la creaci&oacute;n de empresas de base tecnol&oacute;gica<\/strong> (EBT) ha sido el principal objetivo de la actividad desarrollada por la Fundaci&oacute;n Empresa Universidad de La Laguna (Feull), en el marco del proyecto<a href='http:\/\/www.transcrea.eu\/'> &#8216;Transcrea&#8217;<\/a>. Con el <a href='http:\/\/www.pctt.es\/'>Parque Cient&iacute;fico y Tecnol&oacute;gico de Tenerife<\/a> como jefe de fila, la Feull ha participado en esta iniciativa, cuyo &aacute;mbito geogr&aacute;fico de acci&oacute;n se ha centrado en la regi&oacute;n de la Macaronesia: Islas Canarias, Madeira y Azores. En total, un presupuesto de m&aacute;s de <strong>900.000 euros<\/strong>, cofinanciado, en un 85%, por el <a href='http:\/\/europa.eu\/legislation_summaries\/development\/overseas_countries_territories\/r12102_es.htm'>Fondo Europeo de Desarrollo Regional <\/a>(FEDER), ha permitido que, durante el a&ntilde;o 2011, la Fundaci&oacute;n desarrollara diversas actividades que permitiesen <strong>aumentar el emprendimiento<\/strong> e impulsaran el intercambio de experiencias y la transferencia de conocimiento entre las regiones participantes.<\/p>\n<p style='text-align: justify'>De este modo, la Feull fue la encargada de articular una <strong>&#8216;Red virtual de apoyo a la creaci&oacute;n de empresas de base tecnol&oacute;gica&#8217;<\/strong>, una acci&oacute;n piloto del proyecto transnacional. A trav&eacute;s de esta pionera iniciativa, se llev&oacute; a cabo la generaci&oacute;n e identificaci&oacute;n de ideas innovadoras o tecnol&oacute;gicas y de la correspondiente gesti&oacute;n de la propiedad intelectual e industrial, elaborando un plan de negocio que permitiese la pre-creaci&oacute;n de un prototipo de EBT. Para ello, se acompa&ntilde;&oacute; en el asesoramiento t&eacute;cnico, empresarial, financiero, fiscal, legal y organizativo que, finalmente, favoreciese la consolidaci&oacute;n de la empresa y su crecimiento.<\/p>\n<p style='text-align: justify'><strong>Favoreciendo el desarrollo tecnol&oacute;gico-empresarial<\/strong><\/p>\n<p style='text-align: justify'>La Fundaci&oacute;n Empresa Universidad de La Laguna estableci&oacute; una convocatoria, a trav&eacute;s de la cual se seleccionaron a las <strong>Empresas Beneficiaras del Servicio<\/strong> (EBAP), que recibieron una formaci&oacute;n y la asignaci&oacute;n de un T&eacute;cnico de Apoyo de Transcrea (TAT). Empresas isle&ntilde;as como COLABORAC, METRIZ CANARIAS S.L., ATRAX SOLUCIONES INTELIGENTES SLNE e HIDROSUN S.L. se beneficiaron de esta importante red de cooperaci&oacute;n transnacional.<\/p>\n<p style='text-align: justify'>La segunda convocatoria se realiz&oacute; para los candidatos a la <strong>Prestaci&oacute;n de Servicios Transcrea<\/strong> (PST), como fueron PROYECTRAN, WOLL CONSULTORES, MEIDEI STUDIOS Y LEARN&amp;SHOW. Estas empresas recibieron la partida presupuestaria correspondiente para cofinanciar los servicios que les prestaron las empresas y profesionales registrados como PST en el proyecto.<\/p>\n<p style='text-align: justify'>Dados los importantes resultados en la primera anualidad de la iniciativa, el pasado 13 de junio de 2012, el Recinto Ferial de Tenerife acogi&oacute; la<strong> &#8216;Conferencia Final Transnacional de Transcrea&#8217;<\/strong>, en la que se presentaron los resultados del proyecto y se acord&oacute; la <strong>firma<\/strong> de los socios participantes para la <strong>consolidaci&oacute;n<\/strong> de esta importante red de impulso a la creaci&oacute;n de empresas.<\/p>\n","protected":false},"excerpt":{"rendered":"<p>La Fundaci\u00f3n fue encargada de la elaboraci\u00f3n de una &#8216;Red virtual de apoyo a la creaci\u00f3n de empresas de base tecnol\u00f3gica&#8217;, una de las principales acciones pilotos del proyecto en la provincia de Santa Cruz de Tenerife.<\/p>\n","protected":false},"author":36,"featured_media":10421,"comment_status":"closed","ping_status":"open","sticky":false,"template":"","format":"standard","meta":{"footnotes":""},"categories":[8],"tags":[173,541,821,1380],"featured_image_thumbnail_url":"https:\/\/fg.ull.es\/hemeroteca\/wp-content\/uploads\/sites\/14\/2015\/04\/897_mv_transcreaebttecnologiainnovacionemprendimientofeull-300x200.jpg","_links":{"self":[{"href":"https:\/\/fg.ull.es\/hemeroteca\/wp-json\/wp\/v2\/posts\/10422"}],"collection":[{"href":"https:\/\/fg.ull.es\/hemeroteca\/wp-json\/wp\/v2\/posts"}],"about":[{"href":"https:\/\/fg.ull.es\/hemeroteca\/wp-json\/wp\/v2\/types\/post"}],"author":[{"embeddable":true,"href":"https:\/\/fg.ull.es\/hemeroteca\/wp-json\/wp\/v2\/users\/36"}],"replies":[{"embeddable":true,"href":"https:\/\/fg.ull.es\/hemeroteca\/wp-json\/wp\/v2\/comments?post=10422"}],"version-history":[{"count":0,"href":"https:\/\/fg.ull.es\/hemeroteca\/wp-json\/wp\/v2\/posts\/10422\/revisions"}],"wp:featuredmedia":[{"embeddable":true,"href":"https:\/\/fg.ull.es\/hemeroteca\/wp-json\/wp\/v2\/media\/10421"}],"wp:attachment":[{"href":"https:\/\/fg.ull.es\/hemeroteca\/wp-json\/wp\/v2\/media?parent=10422"}],"wp:term":[{"taxonomy":"category","embeddable":true,"href":"https:\/\/fg.ull.es\/hemeroteca\/wp-json\/wp\/v2\/categories?post=10422"},{"taxonomy":"post_tag","embeddable":true,"href":"https:\/\/fg.ull.es\/hemeroteca\/wp-json\/wp\/v2\/tags?post=10422"}],"curies":[{"name":"wp","href":"https:\/\/api.w.org\/{rel}","templated":true}]}}