{"id":10374,"date":"2012-07-24T11:18:40","date_gmt":"2012-07-24T11:18:40","guid":{"rendered":"http:\/\/www.fg.ull.es\/?p=10374"},"modified":"2012-07-24T11:18:40","modified_gmt":"2012-07-24T11:18:40","slug":"jornada-sobre-transferencia-en-tecnologia-investigadores-start-up-actuar-como-empresa-para-crecer-como-cientificos","status":"publish","type":"post","link":"https:\/\/fg.ull.es\/hemeroteca\/2012\/07\/24\/jornada-sobre-transferencia-en-tecnologia-investigadores-start-up-actuar-como-empresa-para-crecer-como-cientificos\/","title":{"rendered":"Jornada sobre transferencia en Tecnolog\u00eda `Investigadores start-up: actuar como empresa para crecer como cient\u00edficos\u00b4"},"content":{"rendered":"<p>Ma\u00f1ana mi\u00e9rcoles en la Escuela T\u00e9cnica Superior de Ingenier\u00eda Inform\u00e1tica (ETSII), a las 17 horas, se desarrollar\u00e1 la segunda jornada sobre transferencia de tecnolog\u00eda de las organizadas en la Universidad de La Laguna.<\/p>\n<p>Tras la primera cita, el pasado 18 de julio en la que se trat&oacute; la viabilidad mercantil de los proyectos de investigaci&oacute;n y los pasos a seguir para adentrarse en el mercado, se propone un segundo encuentro para reflexionar sobre las nuevas estrategias posibles para adaptarse a un entorno marcado por la reducci&oacute;n de fondos en investigaci&oacute;n y, m&aacute;s all&aacute;, al presente cambio de paradigma que se est&aacute; dando en la investigaci&oacute;n desde las universidades.<\/p>\n<p>El encargado de desarrollar esta ponencia ser&aacute; D. Javier Gonz&aacute;lez Sabater, consultor de transferencia de tecnolog&iacute;a universidad-empresa, bajo el t&iacute;tulo `Investigadores start-up: actuar como empresa para crecer como cient&iacute;ficos&acute;. Se desarrollar&aacute; igualmente en el Sal&oacute;n de Grados de la Escuela T&eacute;cnica Superior de Ingenier&iacute;a Inform&aacute;tica (ETSII) de la Universidad de La Laguna, en esta ocasi&oacute;n a las 17 horas.<\/p>\n<p>&nbsp;<\/p>\n","protected":false},"excerpt":{"rendered":"<p>Ma\u00f1ana mi\u00e9rcoles en la Escuela T\u00e9cnica Superior de Ingenier\u00eda Inform\u00e1tica (ETSII), a las 17 horas, se desarrollar\u00e1 la segunda jornada sobre transferencia de tecnolog\u00eda de las organizadas en la Universidad de La Laguna.<\/p>\n","protected":false},"author":36,"featured_media":10373,"comment_status":"closed","ping_status":"open","sticky":false,"template":"","format":"standard","meta":{"footnotes":""},"categories":[8],"tags":[173,862,1381,1424],"featured_image_thumbnail_url":"https:\/\/fg.ull.es\/hemeroteca\/wp-content\/uploads\/sites\/14\/2015\/04\/880_mf_innovacolor-300x212.jpg","_links":{"self":[{"href":"https:\/\/fg.ull.es\/hemeroteca\/wp-json\/wp\/v2\/posts\/10374"}],"collection":[{"href":"https:\/\/fg.ull.es\/hemeroteca\/wp-json\/wp\/v2\/posts"}],"about":[{"href":"https:\/\/fg.ull.es\/hemeroteca\/wp-json\/wp\/v2\/types\/post"}],"author":[{"embeddable":true,"href":"https:\/\/fg.ull.es\/hemeroteca\/wp-json\/wp\/v2\/users\/36"}],"replies":[{"embeddable":true,"href":"https:\/\/fg.ull.es\/hemeroteca\/wp-json\/wp\/v2\/comments?post=10374"}],"version-history":[{"count":0,"href":"https:\/\/fg.ull.es\/hemeroteca\/wp-json\/wp\/v2\/posts\/10374\/revisions"}],"wp:featuredmedia":[{"embeddable":true,"href":"https:\/\/fg.ull.es\/hemeroteca\/wp-json\/wp\/v2\/media\/10373"}],"wp:attachment":[{"href":"https:\/\/fg.ull.es\/hemeroteca\/wp-json\/wp\/v2\/media?parent=10374"}],"wp:term":[{"taxonomy":"category","embeddable":true,"href":"https:\/\/fg.ull.es\/hemeroteca\/wp-json\/wp\/v2\/categories?post=10374"},{"taxonomy":"post_tag","embeddable":true,"href":"https:\/\/fg.ull.es\/hemeroteca\/wp-json\/wp\/v2\/tags?post=10374"}],"curies":[{"name":"wp","href":"https:\/\/api.w.org\/{rel}","templated":true}]}}