{"id":10363,"date":"2012-07-20T15:07:29","date_gmt":"2012-07-20T15:07:29","guid":{"rendered":"http:\/\/www.fg.ull.es\/?p=10363"},"modified":"2012-07-20T15:07:29","modified_gmt":"2012-07-20T15:07:29","slug":"emprende-lalaguna-se-despide-hasta-septiembre-tras-haber-informado-a-mas-de-150-personas","status":"publish","type":"post","link":"https:\/\/fg.ull.es\/hemeroteca\/2012\/07\/20\/emprende-lalaguna-se-despide-hasta-septiembre-tras-haber-informado-a-mas-de-150-personas\/","title":{"rendered":"Emprende.LaLaguna se despide hasta septiembre tras haber informado a m\u00e1s de 150 personas"},"content":{"rendered":"<p>El proyecto de dinamizaci\u00f3n del emprendimiento en el municipio de La Laguna concluye su primera etapa de informaci\u00f3n a la ciudadan\u00eda con el encuentro celebrado el jueves 19 en El Cardonal<\/p>\n<p>El pasado jueves 19 m&aacute;s de cuarenta personas se acercaban a El Cardonal a conocer de primera mano el proyecto <a href='http:\/\/emprendelalaguna.sitios.feull.org\/'>Emprende.LaLaguna<\/a>, que comenzar&aacute; su actividad el pr&oacute;ximo octubre. Anteriormente ya se hab&iacute;an celebrado reuniones en el casco de La Laguna y en Tejina y en total han asistido <strong>m&aacute;s de 150 personas<\/strong> a esta toma de contacto con el inminente proyecto. Adem&aacute;s, se han dado numerosas solicitudes de informaci&oacute;n y de participaci&oacute;n, que muestran el inter&eacute;s que este proyecto a despertado entre la ciudadan&iacute;a del municipio de La Laguna.<\/p>\n<p>Emprende.LaLaguna surge de la colaboraci&oacute;n entre el <strong>Ayuntamiento de La Laguna y la Fundaci&oacute;n Empresa Universidad de La Laguna<\/strong> con el objetivo de aportar a los futuros negocios que desarrollen los ciudadanos un garant&iacute;a de viabilidad t&eacute;cnica, econ&oacute;mica y de mercado. Este programa desarrollar&aacute; a partir de octubre una serie de actividades formativas de car&aacute;cter gratuito que culminar&aacute;n con la presentaci&oacute;n y puesta en marcha de los proyectos empresariales participantes.<\/p>\n<p>Adem&aacute;s, se tratar&aacute; de actuar como un nexo de uni&oacute;n entre las diferentes entidades y programas dirigidos a la creaci&oacute;n y consolidaci&oacute;n de empresas. Para ello, se aplicar&aacute; la metodolog&iacute;a desarrollada por la Fundaci&oacute;n Empresa Universidad de La Laguna, la cual&nbsp; lleva m&aacute;s de 5 a&ntilde;os asesorando, acompa&ntilde;ando e impulsado el desarrollo de ideas y proyectos empresariales de la comunidad universitaria de la ULL (Universidad de La Laguna).<\/p>\n","protected":false},"excerpt":{"rendered":"<p>El proyecto de dinamizaci\u00f3n del emprendimiento en el municipio de La Laguna concluye su primera etapa de informaci\u00f3n a la ciudadan\u00eda con el encuentro celebrado el jueves 19 en El Cardonal<\/p>\n","protected":false},"author":36,"featured_media":10362,"comment_status":"closed","ping_status":"open","sticky":false,"template":"","format":"standard","meta":{"footnotes":""},"categories":[8],"tags":[173],"featured_image_thumbnail_url":"https:\/\/fg.ull.es\/hemeroteca\/wp-content\/uploads\/sites\/14\/2015\/04\/877_ik_el_cardonal_lalaguna_emprende_2-300x225.jpg","_links":{"self":[{"href":"https:\/\/fg.ull.es\/hemeroteca\/wp-json\/wp\/v2\/posts\/10363"}],"collection":[{"href":"https:\/\/fg.ull.es\/hemeroteca\/wp-json\/wp\/v2\/posts"}],"about":[{"href":"https:\/\/fg.ull.es\/hemeroteca\/wp-json\/wp\/v2\/types\/post"}],"author":[{"embeddable":true,"href":"https:\/\/fg.ull.es\/hemeroteca\/wp-json\/wp\/v2\/users\/36"}],"replies":[{"embeddable":true,"href":"https:\/\/fg.ull.es\/hemeroteca\/wp-json\/wp\/v2\/comments?post=10363"}],"version-history":[{"count":0,"href":"https:\/\/fg.ull.es\/hemeroteca\/wp-json\/wp\/v2\/posts\/10363\/revisions"}],"wp:featuredmedia":[{"embeddable":true,"href":"https:\/\/fg.ull.es\/hemeroteca\/wp-json\/wp\/v2\/media\/10362"}],"wp:attachment":[{"href":"https:\/\/fg.ull.es\/hemeroteca\/wp-json\/wp\/v2\/media?parent=10363"}],"wp:term":[{"taxonomy":"category","embeddable":true,"href":"https:\/\/fg.ull.es\/hemeroteca\/wp-json\/wp\/v2\/categories?post=10363"},{"taxonomy":"post_tag","embeddable":true,"href":"https:\/\/fg.ull.es\/hemeroteca\/wp-json\/wp\/v2\/tags?post=10363"}],"curies":[{"name":"wp","href":"https:\/\/api.w.org\/{rel}","templated":true}]}}