{"id":10357,"date":"2012-07-19T12:08:43","date_gmt":"2012-07-19T12:08:43","guid":{"rendered":"http:\/\/www.fg.ull.es\/?p=10357"},"modified":"2012-07-19T12:08:43","modified_gmt":"2012-07-19T12:08:43","slug":"investigadores-de-la-ull-se-acercan-a-la-transferencia-de-tecnologia-con-orientacion-de-mercado","status":"publish","type":"post","link":"https:\/\/fg.ull.es\/hemeroteca\/2012\/07\/19\/investigadores-de-la-ull-se-acercan-a-la-transferencia-de-tecnologia-con-orientacion-de-mercado\/","title":{"rendered":"Investigadores de la ULL se acercan a la &#039;transferencia de tecnolog\u00eda&#039; con orientaci\u00f3n de mercado"},"content":{"rendered":"<p>El pasado mi\u00e9rcoles 18 Carmen Caster\u00e1s de Knowledge Innovation Market (KIM) trat\u00f3 el tema bajo el t\u00edtulo &#8216;Del laboratorio al mercado: transferencia de tecnolog\u00eda orientada a resultados&#8217;<\/p>\n<p style='text-align: left'>Ayer en la Escuela T&eacute;cnica Superior de Ingenier&iacute;a Inform&aacute;tica (ETSII) se dieron cita varios investigadores de la<a href='http:\/\/www.ull.es\/view\/institucional\/ull\/Inicio\/es'> Universidad de La Laguna <\/a>para recibir una formaci&oacute;n centrada en el desarrollo de oportunidades mercantiles a partir de proyectos de investigaci&oacute;n.<\/p>\n<p style='text-align: left'>De la mano Carmen Caster&aacute;s de Knowledge Innovation Market (KIM), se  analizaron las  diferentes &aacute;reas que conforman el &aacute;mbito de la  transferencia de  conocimiento y tecnol&oacute;gica y la gesti&oacute;n de la  innovaci&oacute;n.<\/p>\n<p>En la sesi&oacute;n se trabaj&oacute; el procedimiento para encauzar iniciativas emprendedoras basadas en la transferencia de la tecnolog&iacute;a o el conocimiento  desarrollado en la universidad hacia el mercado, centr&aacute;ndose en los primeros pasos para emprender el proyecto con unos  criterios y unos objetivos definidos.<\/p>\n<p>La semana que viene, el pr&oacute;ximo d&iacute;a <strong>25 de julio<\/strong>, tendr&aacute; lugar la segunda cita de estas jornadas enmarcada en el t&iacute;tulo <strong>&#8216;Investigadores Start-Up: actuar como empresa para crecer como cient&iacute;ficos&#8217;<\/strong>. De la mano de Javier Gonz&aacute;lez Sabater, se debatir&aacute; sobre el hecho de que la actual crisis econ&oacute;mica no solo supone una reducci&oacute;n de los fondos dedicados a la investigaci&oacute;n, sino tambi&eacute;n un cambio en la forma en que se aborda la investigaci&oacute;n desde el entorno universitario. Ser&aacute; a las 17 horas en el Sal&oacute;n de Grados de la Escuela T&eacute;cnica Superior de Ingenier&iacute;a Inform&aacute;tica (ETSII).<\/p>\n<p>&nbsp;<\/p>\n","protected":false},"excerpt":{"rendered":"<p>El pasado mi\u00e9rcoles 18 Carmen Caster\u00e1s de Knowledge Innovation Market (KIM) trat\u00f3 el tema bajo el t\u00edtulo &#8216;Del laboratorio al mercado: transferencia de tecnolog\u00eda orientada a resultados&#8217;<\/p>\n","protected":false},"author":36,"featured_media":10356,"comment_status":"closed","ping_status":"open","sticky":false,"template":"","format":"standard","meta":{"footnotes":""},"categories":[8],"tags":[173],"featured_image_thumbnail_url":"https:\/\/fg.ull.es\/hemeroteca\/wp-content\/uploads\/sites\/14\/2015\/04\/874_0p_innovacionfeullvaloracion2012-300x228.jpg","_links":{"self":[{"href":"https:\/\/fg.ull.es\/hemeroteca\/wp-json\/wp\/v2\/posts\/10357"}],"collection":[{"href":"https:\/\/fg.ull.es\/hemeroteca\/wp-json\/wp\/v2\/posts"}],"about":[{"href":"https:\/\/fg.ull.es\/hemeroteca\/wp-json\/wp\/v2\/types\/post"}],"author":[{"embeddable":true,"href":"https:\/\/fg.ull.es\/hemeroteca\/wp-json\/wp\/v2\/users\/36"}],"replies":[{"embeddable":true,"href":"https:\/\/fg.ull.es\/hemeroteca\/wp-json\/wp\/v2\/comments?post=10357"}],"version-history":[{"count":0,"href":"https:\/\/fg.ull.es\/hemeroteca\/wp-json\/wp\/v2\/posts\/10357\/revisions"}],"wp:featuredmedia":[{"embeddable":true,"href":"https:\/\/fg.ull.es\/hemeroteca\/wp-json\/wp\/v2\/media\/10356"}],"wp:attachment":[{"href":"https:\/\/fg.ull.es\/hemeroteca\/wp-json\/wp\/v2\/media?parent=10357"}],"wp:term":[{"taxonomy":"category","embeddable":true,"href":"https:\/\/fg.ull.es\/hemeroteca\/wp-json\/wp\/v2\/categories?post=10357"},{"taxonomy":"post_tag","embeddable":true,"href":"https:\/\/fg.ull.es\/hemeroteca\/wp-json\/wp\/v2\/tags?post=10357"}],"curies":[{"name":"wp","href":"https:\/\/api.w.org\/{rel}","templated":true}]}}