{"id":10345,"date":"2012-07-18T10:06:14","date_gmt":"2012-07-18T10:06:14","guid":{"rendered":"http:\/\/www.fg.ull.es\/?p=10345"},"modified":"2012-07-18T10:06:14","modified_gmt":"2012-07-18T10:06:14","slug":"jornada-del-laboratorio-al-mercado-transferencia-de-tecnologia-orientada-a-resultadosen-la-universidad-de-la-laguna","status":"publish","type":"post","link":"https:\/\/fg.ull.es\/hemeroteca\/2012\/07\/18\/jornada-del-laboratorio-al-mercado-transferencia-de-tecnologia-orientada-a-resultadosen-la-universidad-de-la-laguna\/","title":{"rendered":"Jornada `Del laboratorio al mercado: transferencia de tecnolog\u00eda orientada a resultados\u00b4en la Universidad de La Laguna"},"content":{"rendered":"<p>La primera de dos jornadas sobre `Transferencia de la tecnolog\u00eda\u00b4 que tendr\u00e1n lugar en en la Escuela T\u00e9cnica Superior de Ingenier\u00eda Inform\u00e1tica (ETSII).<\/p>\n<p>Hoy desde las 9 horas se desarrollar&aacute;n una jornada en la que se abordar&aacute; la transferencia de tecnolog&iacute;a desde el &aacute;mbito de la investigaci&oacute;n hacia el tejido econ&oacute;mico y social. El tema se centrar&aacute; en la viabilidad mercantil de los proyectos de investigaci&oacute;n y en los pasos a seguir para adentrarse en el mercado.<\/p>\n<p>Esta jornada se plantea como una propuesta de an&aacute;lisis previo a la iniciativa de emprendimiento en un proyecto de investigaci&oacute;n que tenga por objetivo la transferencia de la tecnolog&iacute;a o el conocimiento desarrollado en el mercado.<\/p>\n<p>Se propondr&aacute; el planteamiento de una serie de checkpoints y preguntas a responder, para emprender el proyecto con unos criterios y unos objetivos definidos.<\/p>\n<p>De la mano de Knowledge Innovation Market (KIM), se acometer&aacute; el an&aacute;lisis de&nbsp; las diferentes &aacute;reas que conforman el &aacute;mbito de la transferencia de conocimiento y tecnol&oacute;gica y la gesti&oacute;n de la innovaci&oacute;n.<\/p>\n<p>KIM&nbsp; empresa privada que ofrece servicios de transferencia tecnol&oacute;gica a empresas, se ha consolidado como la entidad de referencia a nivel nacional e internacional, para conseguir convertir el capital cient&iacute;fico y tecnol&oacute;gico de las regiones en las que est&aacute; presente en productos comercializables que estimulen la creaci&oacute;n y crecimiento de las empresas.<\/p>\n","protected":false},"excerpt":{"rendered":"<p>La primera de dos jornadas sobre `Transferencia de la tecnolog\u00eda\u00b4 que tendr\u00e1n lugar en en la Escuela T\u00e9cnica Superior de Ingenier\u00eda Inform\u00e1tica (ETSII).<\/p>\n","protected":false},"author":36,"featured_media":10344,"comment_status":"closed","ping_status":"open","sticky":false,"template":"","format":"standard","meta":{"footnotes":""},"categories":[8],"tags":[173,548,821,1424],"featured_image_thumbnail_url":"https:\/\/fg.ull.es\/hemeroteca\/wp-content\/uploads\/sites\/14\/2015\/04\/866_wh_etsiifeullinnovacion-300x162.jpg","_links":{"self":[{"href":"https:\/\/fg.ull.es\/hemeroteca\/wp-json\/wp\/v2\/posts\/10345"}],"collection":[{"href":"https:\/\/fg.ull.es\/hemeroteca\/wp-json\/wp\/v2\/posts"}],"about":[{"href":"https:\/\/fg.ull.es\/hemeroteca\/wp-json\/wp\/v2\/types\/post"}],"author":[{"embeddable":true,"href":"https:\/\/fg.ull.es\/hemeroteca\/wp-json\/wp\/v2\/users\/36"}],"replies":[{"embeddable":true,"href":"https:\/\/fg.ull.es\/hemeroteca\/wp-json\/wp\/v2\/comments?post=10345"}],"version-history":[{"count":0,"href":"https:\/\/fg.ull.es\/hemeroteca\/wp-json\/wp\/v2\/posts\/10345\/revisions"}],"wp:featuredmedia":[{"embeddable":true,"href":"https:\/\/fg.ull.es\/hemeroteca\/wp-json\/wp\/v2\/media\/10344"}],"wp:attachment":[{"href":"https:\/\/fg.ull.es\/hemeroteca\/wp-json\/wp\/v2\/media?parent=10345"}],"wp:term":[{"taxonomy":"category","embeddable":true,"href":"https:\/\/fg.ull.es\/hemeroteca\/wp-json\/wp\/v2\/categories?post=10345"},{"taxonomy":"post_tag","embeddable":true,"href":"https:\/\/fg.ull.es\/hemeroteca\/wp-json\/wp\/v2\/tags?post=10345"}],"curies":[{"name":"wp","href":"https:\/\/api.w.org\/{rel}","templated":true}]}}