{"id":10339,"date":"2012-07-16T12:10:45","date_gmt":"2012-07-16T12:10:45","guid":{"rendered":"http:\/\/www.fg.ull.es\/?p=10339"},"modified":"2012-07-16T12:10:45","modified_gmt":"2012-07-16T12:10:45","slug":"jornadas-sobre-transferencia-de-la-tecnologia-en-la-universidad-de-la-laguna","status":"publish","type":"post","link":"https:\/\/fg.ull.es\/hemeroteca\/2012\/07\/16\/jornadas-sobre-transferencia-de-la-tecnologia-en-la-universidad-de-la-laguna\/","title":{"rendered":"Jornadas sobre &#039;Transferencia de la Tecnolog\u00eda&#039; en la Universidad de La Laguna"},"content":{"rendered":"<p>Tendr\u00e1 lugar en dos fechas, el mi\u00e9rcoles 18 y mi\u00e9rcoles 25 de julio, en la Escuela T\u00e9cnica Superior de Ingenier\u00eda Inform\u00e1tica (ETSII).<\/p>\n<p style='text-align: left'>Los pr&oacute;ximos 18 y 25 de julio se desarrollar&aacute;n dos jornadas en las que se abordar&aacute; la transferencia de tecnolog&iacute;a desde el &aacute;mbito de la investigaci&oacute;n hacia el tejido econ&oacute;mico y social, abord&aacute;ndose desde dos perspectivas complementarias.<\/p>\n<p style='text-align: left'>La primera cita ser&aacute; el pr&oacute;ximo 18 de julio, a las 9 horas, en la Escuela T&eacute;cnica Superior de Ingenier&iacute;a Inform&aacute;tica (ETSII) y se centrar&aacute; en la viabilidad mercantil de los proyectos de investigaci&oacute;n y en los pasos a seguir para adentrarse en el mercado.<\/p>\n<p style='text-align: left'>&nbsp;La siguiente jornada se centrar&aacute; en las nuevas estrategias posibles para adaptarse a un entorno marcado por la reducci&oacute;n de fondos en investigaci&oacute;n y, m&aacute;s all&aacute;, al presente cambio de paradigma que se est&aacute; dando en la investigaci&oacute;n desde las universidades. El encargado de desarrollar esta ponencia ser&aacute; D. Javier Gonz&aacute;lez Sabater, consultor de transferencia de tecnolog&iacute;a universidad-empresa, bajo el t&iacute;tulo `Investigadores start-up: actuar como empresa para crecer como cient&iacute;ficos&acute;. Se desarrollar&aacute; igualmente en el Sal&oacute;n de Grados de la Escuela T&eacute;cnica Superior de Ingenier&iacute;a Inform&aacute;tica (ETSII) de la Universidad de La Laguna, pero en esta ocasi&oacute;n a las 17 horas.<\/p>\n<p>&nbsp;<\/p>\n<p><strong>Mi&eacute;rcoles 18 de julio 2012 a las 9 horas<\/strong><br \/> <strong>`Del laboratorio al mercado: transferencia de tecnolog&iacute;a orientada a resultados&acute;<\/strong><\/p>\n<p>Esta jornada se plantea como una propuesta de an&aacute;lisis previo a la iniciativa de emprendimiento en un proyecto de investigaci&oacute;n que tenga por objetivo la transferencia de la tecnolog&iacute;a o el conocimiento desarrollado en el mercado.<\/p>\n<p>Se propondr&aacute; el planteamiento de una serie de <em>checkpoints<\/em> y preguntas a responder, para emprender el proyecto con unos criterios y unos objetivos definidos.<\/p>\n<p> De la mano de<a href='http:\/\/www.kimbcn.org\/'> Knowledge Innovation Market (KIM)<\/a>, se acometer&aacute; el an&aacute;lisis de &nbsp;las diferentes &aacute;reas que conforman el &aacute;mbito de la transferencia de conocimiento y tecnol&oacute;gica y la gesti&oacute;n de la innovaci&oacute;n.<\/p>\n<p> KIM &nbsp;empresa privada que ofrece servicios de transferencia tecnol&oacute;gica a empresas, se ha consolidado como la entidad de referencia a nivel nacional e internacional, para conseguir convertir el capital cient&iacute;fico y tecnol&oacute;gico de las regiones en las que est&aacute; presente en productos comercializables que estimulen la creaci&oacute;n y crecimiento de las empresas.<\/p>\n<p>Lugar: Sal&oacute;n de Grados de la <a href='http:\/\/www.ull.es\/view\/centros\/etsii\/Inicio\/es' target='_blank' rel=\"noopener noreferrer\">Escuela T&eacute;cnica Superior de Ingenier&iacute;a Inform&aacute;tica <\/a>(ETSII) de la Universidad de La Laguna<\/p>\n<p>&nbsp;<\/p>\n<p><strong>Mi&eacute;rcoles 25 de julio 2012 a las 17 horas<br \/><\/strong> <strong>Jornada: `Investigadores <em>start-up<\/em>: actuar como empresa para crecer como cient&iacute;ficos&acute;<\/strong><\/p>\n<p>De la mano de Javier Gonz&aacute;lez Sabater, Consultor de transferencia de tecnolog&iacute;a universidad-empresa, se propondr&aacute; una reflexi&oacute;n sobre el hecho de que la actual crisis econ&oacute;mica no solo supone una reducci&oacute;n de los fondos dedicados a la investigaci&oacute;n, sino tambi&eacute;n un cambio en la forma en que se aborda la investigaci&oacute;n desde el entorno universitario.<br \/> Se est&aacute; dando un cambio de paradigma en el que hay que desarrollar nuevas estrategias que permitan mantener una actividad investigadora estable a lo largo del tiempo, manteniendo un esp&iacute;ritu de combinar el entorno p&uacute;blico con el privado.<\/p>\n<p> Lugar: Sal&oacute;n de Grados de la <a href='http:\/\/www.ull.es\/view\/centros\/etsii\/Inicio\/es' target='_blank' rel=\"noopener noreferrer\">Escuela T&eacute;cnica Superior de Ingenier&iacute;a Inform&aacute;tica <\/a>(ETSII) de la Universidad de La Laguna.<\/p>\n","protected":false},"excerpt":{"rendered":"<p>Tendr\u00e1 lugar en dos fechas, el mi\u00e9rcoles 18 y mi\u00e9rcoles 25 de julio, en la Escuela T\u00e9cnica Superior de Ingenier\u00eda Inform\u00e1tica (ETSII).<\/p>\n","protected":false},"author":36,"featured_media":10338,"comment_status":"closed","ping_status":"open","sticky":false,"template":"","format":"standard","meta":{"footnotes":""},"categories":[8],"tags":[173,821,1381,1424],"featured_image_thumbnail_url":"https:\/\/fg.ull.es\/hemeroteca\/wp-content\/uploads\/sites\/14\/2015\/04\/852_sh_innovacolor-300x212.jpg","_links":{"self":[{"href":"https:\/\/fg.ull.es\/hemeroteca\/wp-json\/wp\/v2\/posts\/10339"}],"collection":[{"href":"https:\/\/fg.ull.es\/hemeroteca\/wp-json\/wp\/v2\/posts"}],"about":[{"href":"https:\/\/fg.ull.es\/hemeroteca\/wp-json\/wp\/v2\/types\/post"}],"author":[{"embeddable":true,"href":"https:\/\/fg.ull.es\/hemeroteca\/wp-json\/wp\/v2\/users\/36"}],"replies":[{"embeddable":true,"href":"https:\/\/fg.ull.es\/hemeroteca\/wp-json\/wp\/v2\/comments?post=10339"}],"version-history":[{"count":0,"href":"https:\/\/fg.ull.es\/hemeroteca\/wp-json\/wp\/v2\/posts\/10339\/revisions"}],"wp:featuredmedia":[{"embeddable":true,"href":"https:\/\/fg.ull.es\/hemeroteca\/wp-json\/wp\/v2\/media\/10338"}],"wp:attachment":[{"href":"https:\/\/fg.ull.es\/hemeroteca\/wp-json\/wp\/v2\/media?parent=10339"}],"wp:term":[{"taxonomy":"category","embeddable":true,"href":"https:\/\/fg.ull.es\/hemeroteca\/wp-json\/wp\/v2\/categories?post=10339"},{"taxonomy":"post_tag","embeddable":true,"href":"https:\/\/fg.ull.es\/hemeroteca\/wp-json\/wp\/v2\/tags?post=10339"}],"curies":[{"name":"wp","href":"https:\/\/api.w.org\/{rel}","templated":true}]}}