{"id":10336,"date":"2012-07-13T15:10:09","date_gmt":"2012-07-13T15:10:09","guid":{"rendered":"http:\/\/www.fg.ull.es\/?p=10336"},"modified":"2012-07-13T15:10:09","modified_gmt":"2012-07-13T15:10:09","slug":"la-universidad-de-verano-de-adeje-arranca-el-lunes-con-medio-millar-de-alumnos-matriculados-en-los-once-cursos-y-talleres","status":"publish","type":"post","link":"https:\/\/fg.ull.es\/hemeroteca\/2012\/07\/13\/la-universidad-de-verano-de-adeje-arranca-el-lunes-con-medio-millar-de-alumnos-matriculados-en-los-once-cursos-y-talleres\/","title":{"rendered":"La Universidad de Verano de Adeje arranca el lunes con medio millar de alumnos matriculados en los once cursos y talleres"},"content":{"rendered":"<p>El escritor y premio Planeta Fernando Delgado ser\u00e1 el encargado de la lecci\u00f3n inaugural de la vig\u00e9sima edici\u00f3n de la UVA<\/p>\n<p>La <strong>Universidad de Verano de Adeje (UVA)<\/strong>, que promueven la Universidad de La Laguna (ULL) y el Ayuntamiento de Adeje, a trav&eacute;s  del Vicerrectorado de Relaciones Universidad y Sociedad y la Concejal&iacute;a  de Cultura, arranca este lunes con 498 alumnos matriculados en los once  cursos y talleres, que se desarrollar&aacute;n a lo largo de esta semana. No  obstante, esta cifra podr&iacute;a verse incrementada este fin de semana y el  mismo lunes, pues la direcci&oacute;n acad&eacute;mica ha decidido prorrogar el plazo  de inscripciones hasta las nueve de la ma&ntilde;ana del mismo lunes 16, hora  en que se inician las clases.<\/p>\n<p style='text-align: justify'>Los nueve cursos que ofrece la UVA&#8217;2012 son: Trastorno por d&eacute;ficit de  atenci&oacute;n con hiperactividad (TDAH): desde la investigaci&oacute;n hasta la  rehabilitaci&oacute;n; Avances tecnol&oacute;gicos en la gesti&oacute;n y aprovechamiento de  los recursos h&iacute;dricos; El enogastroturismo: potencialidad e integraci&oacute;n  en el sector tur&iacute;stico; Violencia cero en las relaciones de pareja;  Realizaci&oacute;n de cine; Tendencias en actividades f&iacute;sicas dirigidas;  Calidad nutricional de los alimentos; Emprendimiento social: retos y  oportunidades para el siglo XXI;&nbsp; Nanotecnolog&iacute;a y nuevos materiales:  haciendo visible lo invisible.<\/p>\n<p> Mientras que los dos talleres giran en torno al coaching: Habilidades  personales: Coaching personal: Casting para el empleo y Habilidades  directivas: Coaching ejecutivo. Casting para el empleo.<\/p>\n<p> Las personas interesadas en formalizar su matr&iacute;cula pueden hacerlo  hasta el pr&oacute;ximo lunes en los siguientes lugares: Vicerrectorado de  Relaciones Universidad y Sociedad de la Universidad de La Laguna; Tel.:  922 319 616 &#8211; email: <a href='mailto:extuni@ull.es'>extuni@ull.es<\/a>;  C\/ Viana, 50 \/ 3820; La Laguna, Tenerife Horario: 09:00 \/ 12:00 horas,&nbsp; y  en&nbsp; el Ayuntamiento de Adeje; Concejal&iacute;a de Cultura; Centro Cultural de  Adeje, Tel.: 922 756 246 C\/ Pr&iacute;ncipe Pelinor s\/n 38670 Adeje, Tenerife,  <a href='mailto:uva@adeje.es'>uva@adeje.es<\/a>; Horario: 09:00 \/ 13:00 horas.<\/p>\n<p style='text-align: justify'>La matr&iacute;cula se puede realizar online en la siguiente direcci&oacute;n: <a href='http:\/\/tcourse.osl.ull.es\/' target='_blank' rel=\"noopener noreferrer\">http:\/\/tcourse.osl.ull.es<\/a><\/p>\n<p> La UVA est&aacute; abierta al p&uacute;blico en general, por lo que a sus aulas  pueden acudir aquellas personas que hayan formalizado su matr&iacute;cula, sean  o no universitarios.<\/p>\n<p> <strong>Lecci&oacute;n magistral<\/strong><\/p>\n<p> Fernando Delgado abrir&aacute; la vig&eacute;sima edici&oacute;n de los cursos y talleres de  la Universidad de Verano de en el Convento de Adeje el pr&oacute;ximo lunes a  las doce del mediod&iacute;a con la lecci&oacute;n magistral ?La crisis de la mala  educaci&oacute;n?. En ese sentido, el escritor y periodista canario adelant&oacute;  que ?la madre de todas las crisis es la crisis de la &eacute;tica, que afecta  tambi&eacute;n a las instituciones democr&aacute;ticas, y la propia crisis de la  democracia que conlleva como resultado la crisis de la educaci&oacute;n, en un  sentido amplio?.<\/p>\n<p> El escrito se&ntilde;al&oacute; que en su intervenci&oacute;n ir&aacute; m&aacute;s all&aacute; de los recortes  que est&aacute; llevando a cabo el Gobierno de Mariano Rajoy, ?ya que la crisis  hay que considerarla globalmente. La democracia est&aacute; bajo m&iacute;nimos, hay  un Parlamento que no funciona, la Justicia est&aacute; desprestigiada, la  corrupci&oacute;n lo inunda todo, hay que acabar con los gastos superfluos y  hay que refundar las funciones de los partidos pol&iacute;ticos?. En  definitiva, se referir&aacute; en su lecci&oacute;n inaugural al ?hablar por hablar  sin pensar lo que se dice y la vulgaridad?.<\/p>\n<p> Fernando Delgado (Santa Cruz de Tenerife, 1947) ha publicado su &uacute;ltima  obra literaria&nbsp; hace escasos meses bajo el t&iacute;tulo ?Tambi&eacute;n la verdad se  inventa?, una novela valiente, ir&oacute;nica, desprejuiciada y reivindicativa,  que defiende la capacidad o el derecho de cada cual a vivir su propio  imaginario.<\/p>\n<p> Delgado public&oacute; su primera novela, Tachero, premio Benito P&eacute;rez Armas,  en 1973. Le siguieron Exterminio en Lastenia, (Premio P&eacute;rez Gald&oacute;s  1979), Ciertas Personas (1989), H&aacute;blame de ti (1993), La mirada del otro  (Premio Planeta 1995) No estabas en el cielo (1996), Escrito por Luzbel  (1981), Isla sin mar (2002), De una vida a otra (2009) y Tambi&eacute;n la  verdad se inventa (2012). Su poes&iacute;a se contiene hasta ahora en cuatro  libros: Proceso de adivinaciones (1981) Autobiograf&iacute;a del hijo (1995)  Presencias de ceniza (2001), selecci&oacute;n de su obra po&eacute;tica con numerosos  textos in&eacute;ditos, y un conjunto de poemas en prosa: El p&aacute;jaro escondido  en un museo (2010).<\/p>\n<p> Periodista en prensa, radio y televisi&oacute;n, licenciado en Ciencias de la  Informaci&oacute;n por la Universidad Complutense, tambi&eacute;n public&oacute; en 1994  Cambio de tiempo (art&iacute;culos y ensayos), Parece mentira (cr&oacute;nica  period&iacute;stico-literaria, 2005) y un libro de recuerdos: Paisajes de la  memoria (2010).<\/p>\n<p style='text-align: justify'>Obtuvo el Premio Europa en Salerno en 1986, el Ondas Nacional de  Televisi&oacute;n en 1995 por su tarea de difusi&oacute;n cultural en los telediarios  de fin de semana de TVE y el Villa de Madrid de periodismo (Mesonero  Romanos) en 2006 por sus art&iacute;culos aparecidos en El Pa&iacute;s.<\/p>\n<p> <strong>Actividades paralelas<\/strong><\/p>\n<p> Las actuaciones musicales ser&aacute;n el eje central de las actividades  paralelas de la vig&eacute;sima edici&oacute;n de la Universidad de Verano de Adeje.&nbsp;  Todas ellas se llevar&aacute;n a cabo de once a doce de la ma&ntilde;ana en distintos  lugares del casco hist&oacute;rico de la Villa, todos muy pr&oacute;ximos al centro  donde se imparten las clases en horario de ma&ntilde;ana.<\/p>\n<p> La primera tendr&aacute; en El Convento el lunes, 16 de julio, con motivo de  la Ceremonia de Inauguraci&oacute;n\/Apertura&nbsp; de la Universidad de Verano de  Adeje, y en ella participar&aacute; un d&uacute;o de viol&iacute;n y violonchelo de los  profesores de la Escuela Municipal de M&uacute;sica de Adeje (EMMA).<\/p>\n<p> El martes, 17 de julio, el estilo musical predominante ser&aacute; el jazz  tradicional, ofrecido tambi&eacute;n por profesores de la EMMA, que ofrecer&aacute;n  en la zona de acceso al Centro Cultural de Adeje casco un repertorio con  temas de Coltrene, Miles Davis y otros padres de jazz.<\/p>\n<p> Un d&iacute;a m&aacute;s tarde y en el mismo lugar, le tocar&aacute; el turno a sould, funk y  pop rock, en que participar&aacute;n distintos artistas invitados, como T&iacute;o  Franklin, y alumnos y profesores de la EMMA.<\/p>\n<p> La m&uacute;sica regional llegar&aacute; el jueves con la Parranda El Mesturado y un  d&iacute;a m&aacute;s tarde habr&aacute; un Medley Musical a cargo de los alumnos de canto de  la EMMA.<\/p>\n<p style='text-align: justify'>*Nota cedida<\/p>\n","protected":false},"excerpt":{"rendered":"<p>El escritor y premio Planeta Fernando Delgado ser\u00e1 el encargado de la lecci\u00f3n inaugural de la vig\u00e9sima edici\u00f3n de la UVA<\/p>\n","protected":false},"author":36,"featured_media":10335,"comment_status":"closed","ping_status":"open","sticky":false,"template":"","format":"standard","meta":{"footnotes":""},"categories":[5],"tags":[173,672,1424],"featured_image_thumbnail_url":"https:\/\/fg.ull.es\/hemeroteca\/wp-content\/uploads\/sites\/14\/2015\/04\/850_uw_carteluva-300x208.png","_links":{"self":[{"href":"https:\/\/fg.ull.es\/hemeroteca\/wp-json\/wp\/v2\/posts\/10336"}],"collection":[{"href":"https:\/\/fg.ull.es\/hemeroteca\/wp-json\/wp\/v2\/posts"}],"about":[{"href":"https:\/\/fg.ull.es\/hemeroteca\/wp-json\/wp\/v2\/types\/post"}],"author":[{"embeddable":true,"href":"https:\/\/fg.ull.es\/hemeroteca\/wp-json\/wp\/v2\/users\/36"}],"replies":[{"embeddable":true,"href":"https:\/\/fg.ull.es\/hemeroteca\/wp-json\/wp\/v2\/comments?post=10336"}],"version-history":[{"count":0,"href":"https:\/\/fg.ull.es\/hemeroteca\/wp-json\/wp\/v2\/posts\/10336\/revisions"}],"wp:featuredmedia":[{"embeddable":true,"href":"https:\/\/fg.ull.es\/hemeroteca\/wp-json\/wp\/v2\/media\/10335"}],"wp:attachment":[{"href":"https:\/\/fg.ull.es\/hemeroteca\/wp-json\/wp\/v2\/media?parent=10336"}],"wp:term":[{"taxonomy":"category","embeddable":true,"href":"https:\/\/fg.ull.es\/hemeroteca\/wp-json\/wp\/v2\/categories?post=10336"},{"taxonomy":"post_tag","embeddable":true,"href":"https:\/\/fg.ull.es\/hemeroteca\/wp-json\/wp\/v2\/tags?post=10336"}],"curies":[{"name":"wp","href":"https:\/\/api.w.org\/{rel}","templated":true}]}}