{"id":10330,"date":"2012-07-12T17:41:14","date_gmt":"2012-07-12T17:41:14","guid":{"rendered":"http:\/\/www.fg.ull.es\/?p=10330"},"modified":"2012-07-12T17:41:14","modified_gmt":"2012-07-12T17:41:14","slug":"listado-definitivo-del-taller-de-dinamizadores-de-valoracion-y-comercializacion-de-tecnologia","status":"publish","type":"post","link":"https:\/\/fg.ull.es\/hemeroteca\/2012\/07\/12\/listado-definitivo-del-taller-de-dinamizadores-de-valoracion-y-comercializacion-de-tecnologia\/","title":{"rendered":"Listado definitivo del Taller de Dinamizadores de Valoraci\u00f3n y Comercializaci\u00f3n de Tecnolog\u00eda"},"content":{"rendered":"<p>Publicaci\u00f3n del listado de personas admitidas al proceso formativo<\/p>\n<p>Se hace p&uacute;blico el listado de personas admitidas al proceso formativo del<a href='http:\/\/tallerdevaloracion.sitios.feull.org\/'> TDVCT.<\/a><\/p>\n<p>Consulta el listado <a href='..\/..\/public\/docs\/576_y3_listado_definitivo_tdvct_12072012.pdf'>aqu&iacute;<\/a>.<\/p>\n<p>A las personas seleccionadas se les ha enviado un correo con la hora y el lugar en el que deben presentarse el lunes 16 de julio para ser informados de c&oacute;mo se desarrollar&aacute; el Taller.<\/p>\n","protected":false},"excerpt":{"rendered":"<p>Publicaci\u00f3n del listado de personas admitidas al proceso formativo<\/p>\n","protected":false},"author":36,"featured_media":10329,"comment_status":"closed","ping_status":"open","sticky":false,"template":"","format":"standard","meta":{"footnotes":""},"categories":[8],"tags":[173,821,1338],"featured_image_thumbnail_url":"https:\/\/fg.ull.es\/hemeroteca\/wp-content\/uploads\/sites\/14\/2015\/04\/848_8h_logotallerdinamizadores_6401-300x78.png","_links":{"self":[{"href":"https:\/\/fg.ull.es\/hemeroteca\/wp-json\/wp\/v2\/posts\/10330"}],"collection":[{"href":"https:\/\/fg.ull.es\/hemeroteca\/wp-json\/wp\/v2\/posts"}],"about":[{"href":"https:\/\/fg.ull.es\/hemeroteca\/wp-json\/wp\/v2\/types\/post"}],"author":[{"embeddable":true,"href":"https:\/\/fg.ull.es\/hemeroteca\/wp-json\/wp\/v2\/users\/36"}],"replies":[{"embeddable":true,"href":"https:\/\/fg.ull.es\/hemeroteca\/wp-json\/wp\/v2\/comments?post=10330"}],"version-history":[{"count":0,"href":"https:\/\/fg.ull.es\/hemeroteca\/wp-json\/wp\/v2\/posts\/10330\/revisions"}],"wp:featuredmedia":[{"embeddable":true,"href":"https:\/\/fg.ull.es\/hemeroteca\/wp-json\/wp\/v2\/media\/10329"}],"wp:attachment":[{"href":"https:\/\/fg.ull.es\/hemeroteca\/wp-json\/wp\/v2\/media?parent=10330"}],"wp:term":[{"taxonomy":"category","embeddable":true,"href":"https:\/\/fg.ull.es\/hemeroteca\/wp-json\/wp\/v2\/categories?post=10330"},{"taxonomy":"post_tag","embeddable":true,"href":"https:\/\/fg.ull.es\/hemeroteca\/wp-json\/wp\/v2\/tags?post=10330"}],"curies":[{"name":"wp","href":"https:\/\/api.w.org\/{rel}","templated":true}]}}