{"id":10324,"date":"2012-07-12T12:36:15","date_gmt":"2012-07-12T12:36:15","guid":{"rendered":"http:\/\/www.fg.ull.es\/?p=10324"},"modified":"2012-07-12T12:36:15","modified_gmt":"2012-07-12T12:36:15","slug":"el-ayuntamiento-de-la-laguna-y-la-fundacion-empresa-universidad-de-la-laguna-presentaron-el-proyecto-emprende-lalaguna","status":"publish","type":"post","link":"https:\/\/fg.ull.es\/hemeroteca\/2012\/07\/12\/el-ayuntamiento-de-la-laguna-y-la-fundacion-empresa-universidad-de-la-laguna-presentaron-el-proyecto-emprende-lalaguna\/","title":{"rendered":"El Ayuntamiento de La Laguna y la Fundaci\u00f3n Empresa Universidad de La Laguna presentaron el proyecto Emprende.LaLaguna"},"content":{"rendered":"<p>El programa arrancar\u00e1 con una serie de charlas motivacionales que tendr\u00e1n lugar hoy  d\u00eda  12 y los pr\u00f3ximos  16 y 19 de julio en diferentes centros ciudadanos de la localidad.<\/p>\n<p>A partir del presente mes de julio el<a href='http:\/\/www.aytolalaguna.com\/'> Ayuntamiento de La Laguna <\/a>y la Fundaci&oacute;n Empresa Universidad de La Laguna colaborar&aacute;n en un proyecto de dinamizaci&oacute;n del emprendimiento en el municipio con el objetivo de aportar a los futuros negocios que desarrollen los ciudadanos un aval de viabilidad t&eacute;cnica, econ&oacute;mica y de mercado. Lo presentaban hoy de forma oficial el gerente de la Feull, Sergio Alonso, el concejal de Econom&iacute;a, Empleo y Empresa del Consistorio lagunero, Juan Antonio Alonso y Ricardo D&iacute;az, director del &Aacute;rea de Innovaci&oacute;n de la Fundaci&oacute;n universitaria.<\/p>\n<p>El proyecto <a href='http:\/\/emprendelalaguna.sitios.feull.org\/'>Emprende.LaLaguna<\/a> arranca en la pr&aacute;ctica ma&ntilde;ana en el ex convento de Santo Domingo, <strong>a las 18.30 horas <\/strong>con la <strong>primera sesi&oacute;n<\/strong> de contacto con potenciales emprendedores para el municipio. A partir de este momento se plantear&aacute;n una serie de actividades formativas de car&aacute;cter gratuito que culminar&aacute;n con la presentaci&oacute;n y puesta en marcha de los proyectos empresariales participantes. A esta primera sesi&oacute;n&nbsp; le seguir&aacute; la del<strong> lunes 16 de julio<\/strong> en el <strong>Centro Ciudadano de Tejina<\/strong>&nbsp; y el<strong> jueves 19 de julio<\/strong> en el <strong>Centro Ciudadano P&eacute;rez Soto del Cardonal<\/strong>. Todas se desarrollar&aacute;n<strong> a partir de las 18.30<\/strong> horas. Las personas interesadas en desarrollar su propio negocio en el municipio lagunero podr&aacute;n acercarse a cualquiera de estos puntos y recibir de primera mano informaci&oacute;n sobre este&nbsp; nuevo proyecto.<\/p>\n<p style='text-align: justify'><em><strong>La Laguna seguir&aacute; apostando por los emprendedores del municipio<\/strong><\/em><\/p>\n<p style='text-align: justify'>En el acto de presentaci&oacute;n el concejal Alonso destac&oacute; que q<em>ueremos seguir apostando por los emprendedores y apoyar la generaci&oacute;n de proyectos empresariales que a su vez ayuden a fortalecer el tejido empresarial de La Laguna con diferentes acciones formativas, encuentros y jornadas concretas<\/em>.&nbsp; Por su parte, Sergio Alonso, explic&oacute; que el objetivo de <a href='http:\/\/emprendelalaguna.sitios.feull.org\/'>Emprende.LaLaguna<\/a>, <em>parte del &eacute;xito de Emprende.ull, con m&aacute;s de cinco a&ntilde;os de experiencia asesorando, acompa&ntilde;ando e impulsado el desarrollo de ideas y proyectos empresariales de la comunidad universitaria de la ULL, y ahora aplicaremos esta metodolog&iacute;a al municipio<\/em>.<\/p>\n<p style='text-align: justify'>El gerente de la Feull valor&oacute; esta iniciativa que calific&oacute; como un <em>trabajo de construcci&oacute;n<\/em> en un <em>referente actual en emprendimiento y comercio como es este municipio, cuyo dinamismo empresarial est&aacute; a la vista y superaremos con Emprende.LaLaguna<\/em>.<\/p>\n<p style='text-align: justify'>Asimismo, el director del &aacute;rea de Innovaci&oacute;n de la FEULL, Ricardo D&iacute;az, explic&oacute; las acciones que contiene el programa <em>que combina la formaci&oacute;n con el asesoramiento y lo que es m&aacute;s importante, la puesta en marcha de los proyectos empresariales participantes<\/em>. D&iacute;az se&ntilde;al&oacute; que cualquier persona con una inquietud podr&aacute; presentar su idea y los t&eacute;cnicos del programa ayudar&aacute;n a trabajar en la gesti&oacute;n y consolidaci&oacute;n de esas ideas empresariales. As&iacute;, indic&oacute; que <em>el programa tiene distintas fases y un recorrido de maduraci&oacute;n de ideas con el emprendedor hasta lograr un modelo de negocio diferenciado<\/em>. Y destac&oacute; que <em>durante los talleres formativos los participantes interactuar&aacute;n para confeccionar ese modelo de negocio con el apoyo t&eacute;cnico que har&aacute; un seguimiento del mismo<\/em>.<\/p>\n<p style='text-align: justify'>El director del &aacute;rea de Innovaci&oacute;n de la Feull adelant&oacute; como una de las acciones dentro del programa, <em>la posibilidad que se le ofrece al participante en la fase final del proyecto de defender en cinco minutos su idea de negocio a un inversor real, con lo cual aprender&aacute;n a vender su producto de manera rotunda y directa<\/em>.<\/p>\n<p style='text-align: justify'>E insisti&oacute; en la importancia de aportar ideas&nbsp; nuevas y frescas, con originalidad e imaginaci&oacute;n impl&iacute;citas en el emprendimiento para dar soluci&oacute;n al momento actual por el que se est&aacute; atravesando: E<em>mprender significa equivocarse muchas veces y su resultado es aprender de ello<\/em>, concluy&oacute;.<\/p>\n<p style='text-align: justify'><img src='..\/..\/public\/imgs\/845_eh_copybanner_ell.jpg' alt='' width='943' height='136' \/><\/p>\n<p style='text-align: justify'>&nbsp;<\/p>\n<p style='text-align: justify'>&nbsp;<\/p>\n<div style=\"max-width: 100%;max-height:100%\"><img src='http:\/\/www.fg.ull.es\/wp-content\/uploads\/2015\/04\/845_eh_copybanner_ell.jpg'><\/div>\n","protected":false},"excerpt":{"rendered":"<p>El programa arrancar\u00e1 con una serie de charlas motivacionales que tendr\u00e1n lugar hoy  d\u00eda  12 y los pr\u00f3ximos  16 y 19 de julio en diferentes centros ciudadanos de la localidad.<\/p>\n","protected":false},"author":36,"featured_media":10322,"comment_status":"closed","ping_status":"open","sticky":false,"template":"","format":"standard","meta":{"footnotes":""},"categories":[8],"tags":[173,541,548,1424],"featured_image_thumbnail_url":"https:\/\/fg.ull.es\/hemeroteca\/wp-content\/uploads\/sites\/14\/2015\/04\/844_vt_120711_tfe_emprende4-300x200.jpg","_links":{"self":[{"href":"https:\/\/fg.ull.es\/hemeroteca\/wp-json\/wp\/v2\/posts\/10324"}],"collection":[{"href":"https:\/\/fg.ull.es\/hemeroteca\/wp-json\/wp\/v2\/posts"}],"about":[{"href":"https:\/\/fg.ull.es\/hemeroteca\/wp-json\/wp\/v2\/types\/post"}],"author":[{"embeddable":true,"href":"https:\/\/fg.ull.es\/hemeroteca\/wp-json\/wp\/v2\/users\/36"}],"replies":[{"embeddable":true,"href":"https:\/\/fg.ull.es\/hemeroteca\/wp-json\/wp\/v2\/comments?post=10324"}],"version-history":[{"count":0,"href":"https:\/\/fg.ull.es\/hemeroteca\/wp-json\/wp\/v2\/posts\/10324\/revisions"}],"wp:featuredmedia":[{"embeddable":true,"href":"https:\/\/fg.ull.es\/hemeroteca\/wp-json\/wp\/v2\/media\/10322"}],"wp:attachment":[{"href":"https:\/\/fg.ull.es\/hemeroteca\/wp-json\/wp\/v2\/media?parent=10324"}],"wp:term":[{"taxonomy":"category","embeddable":true,"href":"https:\/\/fg.ull.es\/hemeroteca\/wp-json\/wp\/v2\/categories?post=10324"},{"taxonomy":"post_tag","embeddable":true,"href":"https:\/\/fg.ull.es\/hemeroteca\/wp-json\/wp\/v2\/tags?post=10324"}],"curies":[{"name":"wp","href":"https:\/\/api.w.org\/{rel}","templated":true}]}}