{"id":10311,"date":"2012-07-09T15:22:31","date_gmt":"2012-07-09T15:22:31","guid":{"rendered":"http:\/\/www.fg.ull.es\/?p=10311"},"modified":"2012-07-09T15:22:31","modified_gmt":"2012-07-09T15:22:31","slug":"listado-provisional-fase-ii-del-proceso-selectivo-del-taller-de-dinamizadores-de-valoracion-y-comercializacion-de-tecnologia","status":"publish","type":"post","link":"https:\/\/fg.ull.es\/hemeroteca\/2012\/07\/09\/listado-provisional-fase-ii-del-proceso-selectivo-del-taller-de-dinamizadores-de-valoracion-y-comercializacion-de-tecnologia\/","title":{"rendered":"Listado provisional &#039;Fase II&#039; del proceso selectivo del Taller de Dinamizadores de Valoraci\u00f3n y Comercializaci\u00f3n de Tecnolog\u00eda"},"content":{"rendered":"<p>Publicado el listado provisional del proceso selectivo del &#8216;Taller de dinamizadores en valoraci\u00f3n y comercializaci\u00f3n de tecnolog\u00eda&#8217;<\/p>\n<p>Se concede un periodo de 3 d&iacute;as naturales para eventuales reclamaciones a partir del d&iacute;a siguiente a su publicaci&oacute;n. Una vez transcurrido este plazo, se publicar&aacute; el listado definitivo delas personas seleccionadas que han superado el proceso cubriendo las plazas ofertadas aquellas con la mayor puntuaci&oacute;n obtenida.<\/p>\n<p>En los pr&oacute;ximos d&iacute;as se publicar&aacute; el calendario con las fechas y los horarios de la formaci&oacute;n.&nbsp;Se prev&eacute; la impartici&oacute;n del primer m&oacute;dulo el <strong>martes 17 de julio<\/strong> de 9 a 13.30 horas y de 15 a 19 horas, aunque no se descarta que las personas que definitivamente accedan a la formaci&oacute;n sean convocadas el lunes 16 en horario de ma&ntilde;ana (2 horas) para explicar el funcionamiento del Taller y resolver dudas.<\/p>\n<p>Para m&aacute;s informaci&oacute;n consultar la <a title='P&aacute;gina del Taller de Valoraci&oacute;n' href='http:\/\/tallerdevaloracion.feull.org\/' target='_blank' rel=\"noopener noreferrer\">web del Taller<\/a>.<\/p>\n<p>Se puede consultar el listado <a href='..\/..\/public\/docs\/573_we_listado_provisional_fase_ii_tdvct.pdf' target='_blank' rel=\"noopener noreferrer\">aqu&iacute;<\/a>.<\/p>\n","protected":false},"excerpt":{"rendered":"<p>Publicado el listado provisional del proceso selectivo del &#8216;Taller de dinamizadores en valoraci\u00f3n y comercializaci\u00f3n de tecnolog\u00eda&#8217;<\/p>\n","protected":false},"author":36,"featured_media":10310,"comment_status":"closed","ping_status":"open","sticky":false,"template":"","format":"standard","meta":{"footnotes":""},"categories":[8],"tags":[173,821,1338],"featured_image_thumbnail_url":"https:\/\/fg.ull.es\/hemeroteca\/wp-content\/uploads\/sites\/14\/2015\/04\/839_ww_logotallerdinamizadores_6401-300x78.png","_links":{"self":[{"href":"https:\/\/fg.ull.es\/hemeroteca\/wp-json\/wp\/v2\/posts\/10311"}],"collection":[{"href":"https:\/\/fg.ull.es\/hemeroteca\/wp-json\/wp\/v2\/posts"}],"about":[{"href":"https:\/\/fg.ull.es\/hemeroteca\/wp-json\/wp\/v2\/types\/post"}],"author":[{"embeddable":true,"href":"https:\/\/fg.ull.es\/hemeroteca\/wp-json\/wp\/v2\/users\/36"}],"replies":[{"embeddable":true,"href":"https:\/\/fg.ull.es\/hemeroteca\/wp-json\/wp\/v2\/comments?post=10311"}],"version-history":[{"count":0,"href":"https:\/\/fg.ull.es\/hemeroteca\/wp-json\/wp\/v2\/posts\/10311\/revisions"}],"wp:featuredmedia":[{"embeddable":true,"href":"https:\/\/fg.ull.es\/hemeroteca\/wp-json\/wp\/v2\/media\/10310"}],"wp:attachment":[{"href":"https:\/\/fg.ull.es\/hemeroteca\/wp-json\/wp\/v2\/media?parent=10311"}],"wp:term":[{"taxonomy":"category","embeddable":true,"href":"https:\/\/fg.ull.es\/hemeroteca\/wp-json\/wp\/v2\/categories?post=10311"},{"taxonomy":"post_tag","embeddable":true,"href":"https:\/\/fg.ull.es\/hemeroteca\/wp-json\/wp\/v2\/tags?post=10311"}],"curies":[{"name":"wp","href":"https:\/\/api.w.org\/{rel}","templated":true}]}}