{"id":10308,"date":"2012-07-09T14:07:25","date_gmt":"2012-07-09T14:07:25","guid":{"rendered":"http:\/\/www.fg.ull.es\/?p=10308"},"modified":"2012-07-09T14:07:25","modified_gmt":"2012-07-09T14:07:25","slug":"nuevas-fechas-para-las-pruebas-de-acreditacion-de-nivel-de-idiomas","status":"publish","type":"post","link":"https:\/\/fg.ull.es\/hemeroteca\/2012\/07\/09\/nuevas-fechas-para-las-pruebas-de-acreditacion-de-nivel-de-idiomas\/","title":{"rendered":"Nuevas fechas para las pruebas de acreditaci\u00f3n de nivel de idiomas"},"content":{"rendered":"<p>Las pruebas certificar\u00e1n la competencia ling\u00fc\u00edstica en un determinado idioma, seg\u00fan el Marco Com\u00fan Europeo de Referencia para las Lenguas. Se realizar\u00e1n el 13 de julio, el 4 de septiembre y el 14 de diciembre.<\/p>\n<p style='text-align: justify'>El <strong>Servicio de Idiomas<\/strong> de la <a href='http:\/\/www.ull.es\/'>Universidad de La Laguna<\/a> realizar&aacute;, durante los pr&oacute;ximos meses, las <strong>pruebas de acreditaci&oacute;n de nivel<\/strong> de distintas lenguas. De esta manera, el <strong>13 de julio<\/strong><strong>, 4 de septiembre y 14 de diciembre de 2012<\/strong>, todas aquellas personas que lo deseen podr&aacute;n examinarse para la obtenci&oacute;n de la certificaci&oacute;n de <strong>ingl&eacute;s B1 y B2, alem&aacute;n B1, franc&eacute;s B1 e italiano y portugu&eacute;s A2<\/strong>.<\/p>\n<p style='text-align: justify'>Las personas que superen la prueba recibir&aacute;n una certificaci&oacute;n del Servicio de Idiomas, que acredite el dominio de una lengua extranjera a un nivel equivalente en <a href='http:\/\/feull.org\/es\/noticia\/que_es_el_marco_comun_europeo_de_referencia_para_las_lenguas\/430\/'>Marco Com&uacute;n Europeo de Referencia para las Lenguas<\/a>.<\/p>\n<p style='text-align: justify'><strong>Inscripci&oacute;n en los ex&aacute;menes<\/strong><\/p>\n<p style='text-align: justify'>Para poder realizar las pruebas, las personas interesadas deber&aacute;n <strong>formalizar la matr&iacute;cula<\/strong> a trav&eacute;s del&nbsp; <a href='https:\/\/servicios.feu.ull.es\/Portal\/'>Portal de Servicios<\/a>, o bien, directamente, en la Secretaria de la Fundaci&oacute;n, situada en el Campus Central, Avda. Trinidad s\/n, Aulario de la Torre Profesor Agust&iacute;n Ar&eacute;valo, planta de entrada.<\/p>\n<p style='text-align: justify'>El precio de la matr&iacute;cula&nbsp; es de <strong>50 ?<\/strong>, con la reducci&oacute;n del <strong>20% para miembros de la comunidad universitaria (40?)<\/strong>. Puedes consultar el esquema y duraci&oacute;n de las pruebas en este <a href='..\/..\/es\/proyecto\/servicio_de_idiomas_acreditaciones_de_nivel\/45\/'>enlace<\/a>.<\/p>\n","protected":false},"excerpt":{"rendered":"<p>Las pruebas certificar\u00e1n la competencia ling\u00fc\u00edstica en un determinado idioma, seg\u00fan el Marco Com\u00fan Europeo de Referencia para las Lenguas. Se realizar\u00e1n el 13 de julio, el 4 de septiembre y el 14 de diciembre.<\/p>\n","protected":false},"author":36,"featured_media":10307,"comment_status":"closed","ping_status":"open","sticky":false,"template":"","format":"standard","meta":{"footnotes":""},"categories":[5],"tags":[173,780,1286],"featured_image_thumbnail_url":"https:\/\/fg.ull.es\/hemeroteca\/wp-content\/uploads\/sites\/14\/2015\/04\/838_vd_servicio_de_idiomas_de_la_ullpng.png","_links":{"self":[{"href":"https:\/\/fg.ull.es\/hemeroteca\/wp-json\/wp\/v2\/posts\/10308"}],"collection":[{"href":"https:\/\/fg.ull.es\/hemeroteca\/wp-json\/wp\/v2\/posts"}],"about":[{"href":"https:\/\/fg.ull.es\/hemeroteca\/wp-json\/wp\/v2\/types\/post"}],"author":[{"embeddable":true,"href":"https:\/\/fg.ull.es\/hemeroteca\/wp-json\/wp\/v2\/users\/36"}],"replies":[{"embeddable":true,"href":"https:\/\/fg.ull.es\/hemeroteca\/wp-json\/wp\/v2\/comments?post=10308"}],"version-history":[{"count":0,"href":"https:\/\/fg.ull.es\/hemeroteca\/wp-json\/wp\/v2\/posts\/10308\/revisions"}],"wp:featuredmedia":[{"embeddable":true,"href":"https:\/\/fg.ull.es\/hemeroteca\/wp-json\/wp\/v2\/media\/10307"}],"wp:attachment":[{"href":"https:\/\/fg.ull.es\/hemeroteca\/wp-json\/wp\/v2\/media?parent=10308"}],"wp:term":[{"taxonomy":"category","embeddable":true,"href":"https:\/\/fg.ull.es\/hemeroteca\/wp-json\/wp\/v2\/categories?post=10308"},{"taxonomy":"post_tag","embeddable":true,"href":"https:\/\/fg.ull.es\/hemeroteca\/wp-json\/wp\/v2\/tags?post=10308"}],"curies":[{"name":"wp","href":"https:\/\/api.w.org\/{rel}","templated":true}]}}