{"id":10305,"date":"2012-07-06T11:43:48","date_gmt":"2012-07-06T11:43:48","guid":{"rendered":"http:\/\/www.fg.ull.es\/?p=10305"},"modified":"2012-07-06T11:43:48","modified_gmt":"2012-07-06T11:43:48","slug":"el-ayuntamiento-de-la-laguna-y-la-fundacion-empresa-universidad-de-la-laguna-fomentaran-juntos-el-emprendimiento-local","status":"publish","type":"post","link":"https:\/\/fg.ull.es\/hemeroteca\/2012\/07\/06\/el-ayuntamiento-de-la-laguna-y-la-fundacion-empresa-universidad-de-la-laguna-fomentaran-juntos-el-emprendimiento-local\/","title":{"rendered":"El Ayuntamiento de La Laguna y la Fundaci\u00f3n Empresa Universidad de La Laguna fomentar\u00e1n juntos el emprendimiento local"},"content":{"rendered":"<p>Se trasladar\u00e1 la metodolog\u00eda del programa de apoyo al emprendimiento universitario de la Feull a la realidad local de La Laguna. El programa arrancar\u00e1 con una serie de charlas motivacionales que tendr\u00e1n lugar los d\u00edas 12, 16 y 19 de julio.<\/p>\n<p style='text-align: left'>A partir del presente mes de julio el<a href='http:\/\/www.aytolalaguna.com\/'> Ayuntamiento de La Laguna <\/a>y la <strong>Fundaci&oacute;n Empresa Universidad de La Laguna <\/strong>colaborar&aacute;n en un proyecto de dinamizaci&oacute;n del emprendimiento en el municipio con el objetivo de aportar a los futuros negocios que desarrollen los ciudadanos un aval de viabilidad t&eacute;cnica, econ&oacute;mica y de mercado. El nombre elegido es <em><strong>Emprende.LaLaguna<\/strong><\/em> y plantear&aacute; una serie de actividades formativas de car&aacute;cter gratuito que culminar&aacute;n con la presentaci&oacute;n y puesta en marcha de los proyectos empresariales participantes.<\/p>\n<p>Adem&aacute;s, se tratar&aacute; de actuar como un nexo de uni&oacute;n entre las diferentes entidades y programas dirigidos a la creaci&oacute;n y consolidaci&oacute;n de empresas. Para ello, se pretende aplicar la <a href='http:\/\/emprendeull.ning.com\/'>metodolog&iacute;a desarrollada <\/a>por la Fundaci&oacute;n Empresa Universidad de La Laguna, la cual&nbsp; lleva m&aacute;s de 5 a&ntilde;os asesorando, acompa&ntilde;ando e impulsado el desarrollo de ideas y proyectos empresariales de la comunidad universitaria de la <a href='http:\/\/www.ull.es\/'>ULL (Universidad de La Laguna)<\/a>.<\/p>\n<p>Los <strong>detalles<\/strong> del proyecto se presentar&aacute;n en las <strong>pr&oacute;ximas semanas<\/strong>, aunque ya se adelantan las<strong> fechas de las jornadas informativas<\/strong> abiertas a la ciudadan&iacute;a, que tendr&aacute;n lugar el pr&oacute;ximo jueves <strong>12 de julio en el Ex-convento de Santo Domingo<\/strong>, el lunes <strong>16 de julio en el Centro Ciudadano de Tejina<\/strong>&nbsp; y el jueves <strong>19 de julio <\/strong>en el Centro Ciudadano P&eacute;rez Soto de El <strong>Cardonal<\/strong>. Todas las sesiones se desarrollar&aacute;n a partir de las 18.30 horas.<\/p>\n<p>Las personas interesadas en desarrollar su propio negocio en el municipio lagunero podr&aacute;n acercarse a cualquiera de estos puntos y recibir de primera mano informaci&oacute;n sobre este&nbsp; nuevo proyecto.<\/p>\n<p>&nbsp;<\/p>\n<p>&nbsp;<\/p>\n","protected":false},"excerpt":{"rendered":"<p>Se trasladar\u00e1 la metodolog\u00eda del programa de apoyo al emprendimiento universitario de la Feull a la realidad local de La Laguna. El programa arrancar\u00e1 con una serie de charlas motivacionales que tendr\u00e1n lugar los d\u00edas 12, 16 y 19 de julio.<\/p>\n","protected":false},"author":36,"featured_media":10304,"comment_status":"closed","ping_status":"open","sticky":false,"template":"","format":"standard","meta":{"footnotes":""},"categories":[8],"tags":[173,541,548],"featured_image_thumbnail_url":"https:\/\/fg.ull.es\/hemeroteca\/wp-content\/uploads\/sites\/14\/2015\/04\/836_0y_emprende_la_laguna-213x300.jpg","_links":{"self":[{"href":"https:\/\/fg.ull.es\/hemeroteca\/wp-json\/wp\/v2\/posts\/10305"}],"collection":[{"href":"https:\/\/fg.ull.es\/hemeroteca\/wp-json\/wp\/v2\/posts"}],"about":[{"href":"https:\/\/fg.ull.es\/hemeroteca\/wp-json\/wp\/v2\/types\/post"}],"author":[{"embeddable":true,"href":"https:\/\/fg.ull.es\/hemeroteca\/wp-json\/wp\/v2\/users\/36"}],"replies":[{"embeddable":true,"href":"https:\/\/fg.ull.es\/hemeroteca\/wp-json\/wp\/v2\/comments?post=10305"}],"version-history":[{"count":0,"href":"https:\/\/fg.ull.es\/hemeroteca\/wp-json\/wp\/v2\/posts\/10305\/revisions"}],"wp:featuredmedia":[{"embeddable":true,"href":"https:\/\/fg.ull.es\/hemeroteca\/wp-json\/wp\/v2\/media\/10304"}],"wp:attachment":[{"href":"https:\/\/fg.ull.es\/hemeroteca\/wp-json\/wp\/v2\/media?parent=10305"}],"wp:term":[{"taxonomy":"category","embeddable":true,"href":"https:\/\/fg.ull.es\/hemeroteca\/wp-json\/wp\/v2\/categories?post=10305"},{"taxonomy":"post_tag","embeddable":true,"href":"https:\/\/fg.ull.es\/hemeroteca\/wp-json\/wp\/v2\/tags?post=10305"}],"curies":[{"name":"wp","href":"https:\/\/api.w.org\/{rel}","templated":true}]}}