{"id":10302,"date":"2012-07-04T13:52:03","date_gmt":"2012-07-04T13:52:03","guid":{"rendered":"http:\/\/www.fg.ull.es\/?p=10302"},"modified":"2012-07-04T13:52:03","modified_gmt":"2012-07-04T13:52:03","slug":"el-summer-campus-12-del-servicio-de-idiomas-de-la-ull-inaugura-su-primera-edicion-en-la-laguna","status":"publish","type":"post","link":"https:\/\/fg.ull.es\/hemeroteca\/2012\/07\/04\/el-summer-campus-12-del-servicio-de-idiomas-de-la-ull-inaugura-su-primera-edicion-en-la-laguna\/","title":{"rendered":"El Summer Campus &#039;12 del Servicio de Idiomas de la ULL inaugura su primera edici\u00f3n en La Laguna"},"content":{"rendered":"<p>La Laguna acoger\u00e1, durante todo este mes de julio, la celebraci\u00f3n de esta primera edici\u00f3n del campus de verano. La matr\u00edcula puede realizarse para el mes completo, aunque existe la posibilidad de hacerlo solo por quincenas.<\/p>\n<p style='text-align: justify'>El Servicio de Idiomas y la Fundaci&oacute;n Empresa de la <a href='http:\/\/www.ull.es\/'>Universidad de La Laguna<\/a> ya han inaugurado el &#8216;Summer Campus 12&#8217;, una iniciativa impulsada por la instituci&oacute;n universitaria, que pretende formar y divertir a los ni&ntilde;os y ni&ntilde;as, con edades comprendidas entre los <strong>7 y 12 a&ntilde;os<\/strong>, que se celebrar&aacute; <strong>durante este mes de julio en La Laguna<\/strong>. &nbsp;<\/p>\n<p style='text-align: justify'>En este campus de verano, en el que se fusionar&aacute;n clases de ingl&eacute;s y alem&aacute;n con talleres de teatro,&nbsp; tambi&eacute;n se intentar&aacute; inculcar el valor del emprendimiento entre el colectivo infantil, desarrollando el esp&iacute;ritu innovador desde las edades m&aacute;s tempranas.<\/p>\n<p style='text-align: justify'>Este lunes, 2 de julio, han arrancado las actividades en La Laguna, que continuar&aacute;n desarroll&aacute;ndose hasta el pr&oacute;ximo 31 de este mes, de <strong>lunes a viernes<\/strong> y entre las <strong>9.00 y las 14.00 horas de la tarde<\/strong>, si bien las puertas del recinto estar&aacute;n abiertas desde las 8.00 de la ma&ntilde;ana.&nbsp;<\/p>\n<p style='text-align: justify'>El &#8216;Summer Campus 12&#8217;, para inscripciones del <strong>mes completo, tiene un coste de 190 euros<\/strong>, para el p&uacute;blico en general, mientras que <strong>la comunidad universitaria deber&aacute; abonar 160 euros<\/strong>. La principal ventaja la disfrutar&aacute;n<strong> las familias en las que participen varios hermanos y hermanas, que contar&aacute;n con mayores descuentos<\/strong>.<\/p>\n<p style='text-align: justify'>Adem&aacute;s, tambi&eacute;n es posible realizar la <strong>matr&iacute;cula de manera exclusiva para una sola quincena del mes<\/strong>, adapt&aacute;ndose, as&iacute;, a las necesidades de cada familia. De esta manera, participar durante <strong>15 d&iacute;as en el campus tiene un precio de 115 euros<\/strong>, mientras que para la<strong> comunidad universitaria ser&aacute; de 96<\/strong>, a lo que se podr&iacute;a a&ntilde;adir el <strong>descuento del 20% para hermanos<\/strong>.<\/p>\n<p style='text-align: justify'><strong>El ocio y la formaci&oacute;n se trasladan, en agosto, hasta Adeje<\/strong><\/p>\n<p style='text-align: justify'>El municipio de <strong>Adeje<\/strong> acoger&aacute;, durante el mes de <strong>agosto<\/strong>, su edici&oacute;n del &#8216;Summer Campus 12&#8217;. Desde el <strong>1 al 31 de este mes<\/strong>, los&nbsp; ni&ntilde;os y ni&ntilde;as sure&ntilde;os podr&aacute;n disfrutar de un sinf&iacute;n de actividades, que se desarrollar&aacute;n en el mismo horario que su hom&oacute;loga edici&oacute;n lagunera.<\/p>\n<p style='text-align: justify'>Si desean inscribirse pueden hacerlo <a href='http:\/\/adejesummer12.feull.org\/formularios\/add'>aqu&iacute;<\/a>.<\/p>\n<p style='text-align: justify'>Para obtener <strong>mayor informaci&oacute;n y formalizar la matr&iacute;cula<\/strong>, <strong>para ambas ediciones<\/strong>, se puede llamar al tel&eacute;fono 922.31.92.36\/37, o bien, enviar un correo electr&oacute;nico a <a href='mailto:formacion@feull.org'>formacion@feull.org<\/a>. Adem&aacute;s, la Secretar&iacute;a de la Fundaci&oacute;n Empresa permanecer&aacute; abierta, de lunes a viernes, de 9.00 a 13.30, para atender todas las dudas o registrar las inscripciones, que tambi&eacute;n pueden realizarse a trav&eacute;s del 922.31.92.00 o e la direcci&oacute;n mail <a href='mailto:secretaria@feull.org'>secretaria@feull.org<\/a><\/p>\n","protected":false},"excerpt":{"rendered":"<p>La Laguna acoger\u00e1, durante todo este mes de julio, la celebraci\u00f3n de esta primera edici\u00f3n del campus de verano. La matr\u00edcula puede realizarse para el mes completo, aunque existe la posibilidad de hacerlo solo por quincenas.<\/p>\n","protected":false},"author":36,"featured_media":10301,"comment_status":"closed","ping_status":"open","sticky":false,"template":"","format":"standard","meta":{"footnotes":""},"categories":[5],"tags":[173,672,780,1286],"featured_image_thumbnail_url":"https:\/\/fg.ull.es\/hemeroteca\/wp-content\/uploads\/sites\/14\/2015\/04\/834_qf_summer_adaptadp-212x300.png","_links":{"self":[{"href":"https:\/\/fg.ull.es\/hemeroteca\/wp-json\/wp\/v2\/posts\/10302"}],"collection":[{"href":"https:\/\/fg.ull.es\/hemeroteca\/wp-json\/wp\/v2\/posts"}],"about":[{"href":"https:\/\/fg.ull.es\/hemeroteca\/wp-json\/wp\/v2\/types\/post"}],"author":[{"embeddable":true,"href":"https:\/\/fg.ull.es\/hemeroteca\/wp-json\/wp\/v2\/users\/36"}],"replies":[{"embeddable":true,"href":"https:\/\/fg.ull.es\/hemeroteca\/wp-json\/wp\/v2\/comments?post=10302"}],"version-history":[{"count":0,"href":"https:\/\/fg.ull.es\/hemeroteca\/wp-json\/wp\/v2\/posts\/10302\/revisions"}],"wp:featuredmedia":[{"embeddable":true,"href":"https:\/\/fg.ull.es\/hemeroteca\/wp-json\/wp\/v2\/media\/10301"}],"wp:attachment":[{"href":"https:\/\/fg.ull.es\/hemeroteca\/wp-json\/wp\/v2\/media?parent=10302"}],"wp:term":[{"taxonomy":"category","embeddable":true,"href":"https:\/\/fg.ull.es\/hemeroteca\/wp-json\/wp\/v2\/categories?post=10302"},{"taxonomy":"post_tag","embeddable":true,"href":"https:\/\/fg.ull.es\/hemeroteca\/wp-json\/wp\/v2\/tags?post=10302"}],"curies":[{"name":"wp","href":"https:\/\/api.w.org\/{rel}","templated":true}]}}