{"id":10299,"date":"2012-07-04T12:43:42","date_gmt":"2012-07-04T12:43:42","guid":{"rendered":"http:\/\/www.fg.ull.es\/?p=10299"},"modified":"2012-07-04T12:43:42","modified_gmt":"2012-07-04T12:43:42","slug":"la-lajita-oasis-park-fuerteventura-s-l-solicita-tecnologoa-de-alimentos","status":"publish","type":"post","link":"https:\/\/fg.ull.es\/hemeroteca\/2012\/07\/04\/la-lajita-oasis-park-fuerteventura-s-l-solicita-tecnologoa-de-alimentos\/","title":{"rendered":"La Lajita Oasis Park Fuerteventura S.L. solicita tecn\u00f3logo\/a de alimentos"},"content":{"rendered":"<p>Se recoger\u00e1n las candidaturas que encajen con el perfil solicitado a trav\u00e9s del Portal Servicios de la Feull. El plazo de presentaci\u00f3n de solicitudes finaliza el pr\u00f3ximo 8 de julio.<\/p>\n<p style='text-align: left'>La Lajita Oasis Park Fuerteventura S.L. solicita <strong>tecn&oacute;logo\/a de alimentos<\/strong> para poder presentar en la convocatoria del subprograma INNCORPORA,destinado a promover la mejora de la formaci&oacute;n en recursos humanos y de la provisi&oacute;n de talento investigador e innovador al sector empresarial.<\/p>\n<p>Requisitos de las personas aspirantes:<\/p>\n<ul>\n<li>Formaci&oacute;n y experiencia: Lcdo\/a&nbsp; en Ciencia y Tecnolog&iacute;a de Alimentos con experiencia en el &aacute;mbito de la I D i.<\/li>\n<li>Conocimientos espec&iacute;ficos, formaci&oacute;n complementaria: idiomas<\/li>\n<li>Carnets profesionales: B1<\/li>\n<li>Disponibilidad horaria\/geogr&aacute;fica: Puesto de trabajo ubicado en Fuerteventura. Disponibilidad para trasladarse.<\/li>\n<\/ul>\n<p>Aspectos a valorar:<\/p>\n<ul>\n<li>Formaci&oacute;n y experiencia extra: Master &oacute; D.E.A.<\/li>\n<li>Otros conocimientos espec&iacute;ficos, formaci&oacute;n complementaria: idiomas<\/li>\n<li>Carnets profesionales<\/li>\n<li>Disponibilidad horaria\/geogr&aacute;fica: Disponibilidad para trasladarse a la isla de Fuerteventura..<\/li>\n<\/ul>\n<p>Condiciones del puesto:<\/p>\n<ul>\n<li>Tipo y duraci&oacute;n de la contrataci&oacute;n: por tiempo que dure la realizaci&oacute;n del proyecto.<\/li>\n<\/ul>\n<p>Para inscribirte a esta oferta <a href='https:\/\/servicios.feu.ull.es\/Portal\/ExpedienteOfertado.aspx?COD=A12230013' target='_blank' rel=\"noopener noreferrer\">haz clic aqu&iacute;<\/a><\/p>\n","protected":false},"excerpt":{"rendered":"<p>Se recoger\u00e1n las candidaturas que encajen con el perfil solicitado a trav\u00e9s del Portal Servicios de la Feull. El plazo de presentaci\u00f3n de solicitudes finaliza el pr\u00f3ximo 8 de julio.<\/p>\n","protected":false},"author":36,"featured_media":10298,"comment_status":"closed","ping_status":"open","sticky":false,"template":"","format":"standard","meta":{"footnotes":""},"categories":[3],"tags":[173,518,671,1066],"featured_image_thumbnail_url":"https:\/\/fg.ull.es\/hemeroteca\/wp-content\/uploads\/sites\/14\/2015\/04\/835_eh_empleocolor-300x212.jpg","_links":{"self":[{"href":"https:\/\/fg.ull.es\/hemeroteca\/wp-json\/wp\/v2\/posts\/10299"}],"collection":[{"href":"https:\/\/fg.ull.es\/hemeroteca\/wp-json\/wp\/v2\/posts"}],"about":[{"href":"https:\/\/fg.ull.es\/hemeroteca\/wp-json\/wp\/v2\/types\/post"}],"author":[{"embeddable":true,"href":"https:\/\/fg.ull.es\/hemeroteca\/wp-json\/wp\/v2\/users\/36"}],"replies":[{"embeddable":true,"href":"https:\/\/fg.ull.es\/hemeroteca\/wp-json\/wp\/v2\/comments?post=10299"}],"version-history":[{"count":0,"href":"https:\/\/fg.ull.es\/hemeroteca\/wp-json\/wp\/v2\/posts\/10299\/revisions"}],"wp:featuredmedia":[{"embeddable":true,"href":"https:\/\/fg.ull.es\/hemeroteca\/wp-json\/wp\/v2\/media\/10298"}],"wp:attachment":[{"href":"https:\/\/fg.ull.es\/hemeroteca\/wp-json\/wp\/v2\/media?parent=10299"}],"wp:term":[{"taxonomy":"category","embeddable":true,"href":"https:\/\/fg.ull.es\/hemeroteca\/wp-json\/wp\/v2\/categories?post=10299"},{"taxonomy":"post_tag","embeddable":true,"href":"https:\/\/fg.ull.es\/hemeroteca\/wp-json\/wp\/v2\/tags?post=10299"}],"curies":[{"name":"wp","href":"https:\/\/api.w.org\/{rel}","templated":true}]}}