{"id":10296,"date":"2012-07-04T12:22:48","date_gmt":"2012-07-04T12:22:48","guid":{"rendered":"http:\/\/www.fg.ull.es\/?p=10296"},"modified":"2012-07-04T12:22:48","modified_gmt":"2012-07-04T12:22:48","slug":"la-universidad-de-verano-de-adeje-cierra-su-periodo-de-matricula-el-9-de-julio","status":"publish","type":"post","link":"https:\/\/fg.ull.es\/hemeroteca\/2012\/07\/04\/la-universidad-de-verano-de-adeje-cierra-su-periodo-de-matricula-el-9-de-julio\/","title":{"rendered":"La Universidad de Verano de Adeje cierra su per\u00edodo de matr\u00edcula el 9 de julio"},"content":{"rendered":"<p>La oferta formativa de este verano est\u00e1 formada por casi una decena de cursos y dos talleres de habilidades para el empleo, tanto para demandantes como para ejecutivos.<\/p>\n<p style='text-align: justify'>La <a href='http:\/\/www.adeje.es\/esp\/portada_universidad_de_verano.asp'>Universidad de Verano de Adeje<\/a> (UVA), que celebra su vig\u00e9sima edici\u00f3n, <strong>cierra su per\u00edodo de matr\u00edcula<\/strong>, el pr\u00f3ximo <strong>9 de julio<\/strong>, para los\u00a0 cursos que componen la programaci\u00f3n de este a\u00f1o: <em>Trastorno por d\u00e9ficit de  atenci\u00f3n con hiperactividad, desde la investigaci\u00f3n hasta la  rehabilitaci\u00f3n<\/em>; <em>Avances tecnol\u00f3gicos en la gesti\u00f3n y aprovechamiento de  los recursos h\u00eddricos<\/em>; <em>El enogastroturismo, potencialidad e integraci\u00f3n  en el sector tur\u00edstico<\/em>; <em>Violencia cero en las relaciones de pareja<\/em>;  <em>Curso pr\u00e1ctico de realizaci\u00f3n de cine<\/em>; <em>Tendencias en actividades f\u00edsicas  dirigidas<\/em>; <em>Calidad nutricional de los alimentos<\/em>; C<em>urso de  emprendimiento social<\/em>; y <em>Nanotecnolog\u00eda y nuevos materiales<\/em>, <em>haciendo  visible lo invisible<\/em>.<\/p>\n<p style='text-align: justify'>Adem\u00e1s, la UVA tambi\u00e9n impartir\u00e1 una pionera iniciativa en materia de empleo: dos <strong>talleres online,<\/strong> relacionados con las Habilidades personales, &#8216;coaching&#8217; personal y  el &#8216;casting&#8217; para  el empleo; y Habilidades directivas, &#8216;coaching&#8217;  ejecutivo y el &#8216;casting  para el empleo&#8217;.<\/p>\n<p style='text-align: justify'>Los interesados en  asistir a alguno de estos cursos pueden matricularse  en el  Vicerrectorado de Relaciones, Universidad y Sociedad de la ULL, as\u00ed como en la  Concejal\u00eda de Cultura del Ayuntamiento de Adeje. Tambi\u00e9n, podr\u00e1n inscribirse,\u00a0 de manera online, en la p\u00e1gina web  https:<a href='http:\/\/tcourse.osl.ull.es\/gestion\/'>\/\/tcourse.osl.ull.es\/gestion\/<\/a><\/p>\n","protected":false},"excerpt":{"rendered":"<p>La oferta formativa de este verano est\u00e1 formada por casi una decena de cursos y dos talleres de habilidades para el empleo, tanto para demandantes como para ejecutivos.<\/p>\n","protected":false},"author":36,"featured_media":10295,"comment_status":"closed","ping_status":"open","sticky":false,"template":"","format":"standard","meta":{"footnotes":""},"categories":[5],"tags":[173,425,672],"featured_image_thumbnail_url":"https:\/\/fg.ull.es\/hemeroteca\/wp-content\/uploads\/sites\/14\/2015\/04\/832_nx_uva-300x72.png","_links":{"self":[{"href":"https:\/\/fg.ull.es\/hemeroteca\/wp-json\/wp\/v2\/posts\/10296"}],"collection":[{"href":"https:\/\/fg.ull.es\/hemeroteca\/wp-json\/wp\/v2\/posts"}],"about":[{"href":"https:\/\/fg.ull.es\/hemeroteca\/wp-json\/wp\/v2\/types\/post"}],"author":[{"embeddable":true,"href":"https:\/\/fg.ull.es\/hemeroteca\/wp-json\/wp\/v2\/users\/36"}],"replies":[{"embeddable":true,"href":"https:\/\/fg.ull.es\/hemeroteca\/wp-json\/wp\/v2\/comments?post=10296"}],"version-history":[{"count":0,"href":"https:\/\/fg.ull.es\/hemeroteca\/wp-json\/wp\/v2\/posts\/10296\/revisions"}],"wp:featuredmedia":[{"embeddable":true,"href":"https:\/\/fg.ull.es\/hemeroteca\/wp-json\/wp\/v2\/media\/10295"}],"wp:attachment":[{"href":"https:\/\/fg.ull.es\/hemeroteca\/wp-json\/wp\/v2\/media?parent=10296"}],"wp:term":[{"taxonomy":"category","embeddable":true,"href":"https:\/\/fg.ull.es\/hemeroteca\/wp-json\/wp\/v2\/categories?post=10296"},{"taxonomy":"post_tag","embeddable":true,"href":"https:\/\/fg.ull.es\/hemeroteca\/wp-json\/wp\/v2\/tags?post=10296"}],"curies":[{"name":"wp","href":"https:\/\/api.w.org\/{rel}","templated":true}]}}