{"id":10293,"date":"2012-07-11T14:23:43","date_gmt":"2012-07-11T14:23:43","guid":{"rendered":"http:\/\/www.fg.ull.es\/?p=10293"},"modified":"2012-07-11T14:23:43","modified_gmt":"2012-07-11T14:23:43","slug":"el-miercoles-11-se-presento-publicamente-el-proyecto-emprende-lalaguna","status":"publish","type":"post","link":"https:\/\/fg.ull.es\/hemeroteca\/2012\/07\/11\/el-miercoles-11-se-presento-publicamente-el-proyecto-emprende-lalaguna\/","title":{"rendered":"El mi\u00e9rcoles 11 se present\u00f3 p\u00fablicamente el proyecto Emprende.LaLaguna"},"content":{"rendered":"<p>Ma\u00f1ana se celebrar\u00e1 la primera charla informativa de esta iniciativa que traslada la metodolog\u00eda de \u00e9xito de Emprende.ULL al municipio de La Laguna<\/p>\n<p style='text-align: left'>EL pasado mi&eacute;rcoles se presentaba en la Casa de los Capitanes el proyecto de apoyo al emprendimiento <a href='http:\/\/emprendelalaguna.sitios.feull.org\/'>Emprende.LaLaguna<\/a>. Arroparon el proyecto el gerente de la Feull, Sergio Alonso, el concejal de Econom&iacute;a, Empleo y Empresa del Ayuntamiento de La Laguna, Juan Antonio Alonso y el director del &Aacute;rea de Innovaci&oacute;n, Ricardo D&iacute;az.<\/p>\n<p>Las<strong> las jornadas informativas<\/strong> se inician ma&ntilde;ana jueves <strong>12 de julio en el Ex-convento de Santo Domingo<\/strong>, y seguir&aacute;n el lunes <strong>16 de julio en el Centro Ciudadano de Tejina<\/strong>&nbsp; y el jueves <strong>19 de julio <\/strong>en el Centro Ciudadano P&eacute;rez Soto de El <strong>Cardonal<\/strong>. Todas las sesiones se desarrollar&aacute;n a partir de las 18.30 horas. Las  personas interesadas en desarrollar su propio negocio en el  municipio  lagunero podr&aacute;n acercarse a cualquiera de estos puntos y  recibir de  primera mano informaci&oacute;n sobre este&nbsp; nuevo proyecto.<\/p>\n<p style='text-align: justify'>A partir del presente mes de julio el<a href='http:\/\/www.aytolalaguna.com\/'> Ayuntamiento de La Laguna <\/a>y la <strong>Fundaci&oacute;n Empresa Universidad de La Laguna <\/strong>colaborar&aacute;n  en un proyecto de dinamizaci&oacute;n del emprendimiento en el municipio con  el objetivo de aportar a los futuros negocios que desarrollen los  ciudadanos un aval de viabilidad t&eacute;cnica, econ&oacute;mica y de mercado. El  nombre elegido es <em><strong>Emprende.LaLaguna<\/strong><\/em> y plantear&aacute; una serie  de actividades formativas de car&aacute;cter gratuito que culminar&aacute;n con la  presentaci&oacute;n y puesta en marcha de los proyectos empresariales  participantes.<\/p>\n<p style='text-align: justify'>Adem&aacute;s, se tratar&aacute; de actuar como un nexo de uni&oacute;n entre las  diferentes entidades y programas dirigidos a la creaci&oacute;n y consolidaci&oacute;n  de empresas. Para ello, se pretende aplicar la <a href='http:\/\/emprendeull.ning.com\/'>metodolog&iacute;a desarrollada <\/a>por  la Fundaci&oacute;n Empresa Universidad de La Laguna, la cual&nbsp; lleva m&aacute;s de 5  a&ntilde;os asesorando, acompa&ntilde;ando e impulsado el desarrollo de ideas y  proyectos empresariales de la comunidad universitaria de la <a href='http:\/\/www.ull.es\/'>ULL (Universidad de La Laguna)<\/a>.<\/p>\n<p>&nbsp;<\/p>\n<p>&nbsp;<\/p>\n","protected":false},"excerpt":{"rendered":"<p>Ma\u00f1ana se celebrar\u00e1 la primera charla informativa de esta iniciativa que traslada la metodolog\u00eda de \u00e9xito de Emprende.ULL al municipio de La Laguna<\/p>\n","protected":false},"author":36,"featured_media":10292,"comment_status":"closed","ping_status":"open","sticky":false,"template":"","format":"standard","meta":{"footnotes":""},"categories":[8],"tags":[173,541,1424],"featured_image_thumbnail_url":"https:\/\/fg.ull.es\/hemeroteca\/wp-content\/uploads\/sites\/14\/2015\/04\/842_c9_120711_tfe_emprende4-300x200.jpg","_links":{"self":[{"href":"https:\/\/fg.ull.es\/hemeroteca\/wp-json\/wp\/v2\/posts\/10293"}],"collection":[{"href":"https:\/\/fg.ull.es\/hemeroteca\/wp-json\/wp\/v2\/posts"}],"about":[{"href":"https:\/\/fg.ull.es\/hemeroteca\/wp-json\/wp\/v2\/types\/post"}],"author":[{"embeddable":true,"href":"https:\/\/fg.ull.es\/hemeroteca\/wp-json\/wp\/v2\/users\/36"}],"replies":[{"embeddable":true,"href":"https:\/\/fg.ull.es\/hemeroteca\/wp-json\/wp\/v2\/comments?post=10293"}],"version-history":[{"count":0,"href":"https:\/\/fg.ull.es\/hemeroteca\/wp-json\/wp\/v2\/posts\/10293\/revisions"}],"wp:featuredmedia":[{"embeddable":true,"href":"https:\/\/fg.ull.es\/hemeroteca\/wp-json\/wp\/v2\/media\/10292"}],"wp:attachment":[{"href":"https:\/\/fg.ull.es\/hemeroteca\/wp-json\/wp\/v2\/media?parent=10293"}],"wp:term":[{"taxonomy":"category","embeddable":true,"href":"https:\/\/fg.ull.es\/hemeroteca\/wp-json\/wp\/v2\/categories?post=10293"},{"taxonomy":"post_tag","embeddable":true,"href":"https:\/\/fg.ull.es\/hemeroteca\/wp-json\/wp\/v2\/tags?post=10293"}],"curies":[{"name":"wp","href":"https:\/\/api.w.org\/{rel}","templated":true}]}}