{"id":10290,"date":"2012-07-04T11:18:05","date_gmt":"2012-07-04T11:18:05","guid":{"rendered":"http:\/\/www.fg.ull.es\/?p=10290"},"modified":"2012-07-04T11:18:05","modified_gmt":"2012-07-04T11:18:05","slug":"el-proyecto-sta-2-0-celebra-hoy-una-jornada-de-apoyo-a-la-innovacion-empresarial","status":"publish","type":"post","link":"https:\/\/fg.ull.es\/hemeroteca\/2012\/07\/04\/el-proyecto-sta-2-0-celebra-hoy-una-jornada-de-apoyo-a-la-innovacion-empresarial\/","title":{"rendered":"El proyecto &#039;STA 2.0&#039; celebra hoy una jornada de apoyo a la innovaci\u00f3n empresarial"},"content":{"rendered":"<p>La cita se est\u00e1 desarrollando en el Instituto Tecnol\u00f3gico de Canarias, y est\u00e1 dirigida a agentes empresariales que deseen mejorar el rendimiento innovador en sus empresas.<\/p>\n<p style='text-align: justify'>El <a href='http:\/\/www.itccanarias.org\/web\/?lang=es'>Instituto Tecnol&oacute;gico de Canarias<\/a> (ITC) acoge hoy, desde las <strong>9 hasta las 14.00 horas<\/strong>, la &#8216;Jornada STA 2.0&#8217;, que pretende convertirse en punto de encuentro para el empresariado y el colectivo emprendedor. El objetivo es ayudar a conocer c&oacute;mo impulsar la innovaci&oacute;n en las empresas y qu&eacute; herramientas les aporta este programa.<\/p>\n<p style='text-align: justify'>Conoce el <a href='http:\/\/www.sta.itccanarias.org\/images\/descargas\/programa_jornada_sta.pdf'>programa<\/a> de la jornada.<\/p>\n<p style='text-align: justify'><strong>Prestaci&oacute;n de Servicios Tecnol&oacute;gicos Avanzados de Apoyo a la Innovaci&oacute;n Empresarial<\/strong><\/p>\n<p style='text-align: justify'>El programa &#8216;STA 2.0&#8217; se enmarca en el proyecto de cooperaci&oacute;n  transregional entre los archipi&eacute;lagos de Canarias, Madeira y Azores, y  est&aacute; coordinado por el Instituto Tecnol&oacute;gico de Canarias (ITC), junto a  la Fundaci&oacute;n Universitaria de Las Palmas y la Fundaci&oacute;n Empresa  Universidad de La Laguna, el Centro de Empresas e Innovaci&oacute;n de Madeira,  las C&aacute;maras de Comercio e Industria de Punta Delgada y de Madeira, y la  Asociaci&oacute;n Comercial e Industrial de Funchal.<\/p>\n","protected":false},"excerpt":{"rendered":"<p>La cita se est\u00e1 desarrollando en el Instituto Tecnol\u00f3gico de Canarias, y est\u00e1 dirigida a agentes empresariales que deseen mejorar el rendimiento innovador en sus empresas.<\/p>\n","protected":false},"author":36,"featured_media":10289,"comment_status":"closed","ping_status":"open","sticky":false,"template":"","format":"standard","meta":{"footnotes":""},"categories":[8],"tags":[173,548,821],"featured_image_thumbnail_url":"https:\/\/fg.ull.es\/hemeroteca\/wp-content\/uploads\/sites\/14\/2015\/04\/831_oe_sta-300x100.jpg","_links":{"self":[{"href":"https:\/\/fg.ull.es\/hemeroteca\/wp-json\/wp\/v2\/posts\/10290"}],"collection":[{"href":"https:\/\/fg.ull.es\/hemeroteca\/wp-json\/wp\/v2\/posts"}],"about":[{"href":"https:\/\/fg.ull.es\/hemeroteca\/wp-json\/wp\/v2\/types\/post"}],"author":[{"embeddable":true,"href":"https:\/\/fg.ull.es\/hemeroteca\/wp-json\/wp\/v2\/users\/36"}],"replies":[{"embeddable":true,"href":"https:\/\/fg.ull.es\/hemeroteca\/wp-json\/wp\/v2\/comments?post=10290"}],"version-history":[{"count":0,"href":"https:\/\/fg.ull.es\/hemeroteca\/wp-json\/wp\/v2\/posts\/10290\/revisions"}],"wp:featuredmedia":[{"embeddable":true,"href":"https:\/\/fg.ull.es\/hemeroteca\/wp-json\/wp\/v2\/media\/10289"}],"wp:attachment":[{"href":"https:\/\/fg.ull.es\/hemeroteca\/wp-json\/wp\/v2\/media?parent=10290"}],"wp:term":[{"taxonomy":"category","embeddable":true,"href":"https:\/\/fg.ull.es\/hemeroteca\/wp-json\/wp\/v2\/categories?post=10290"},{"taxonomy":"post_tag","embeddable":true,"href":"https:\/\/fg.ull.es\/hemeroteca\/wp-json\/wp\/v2\/tags?post=10290"}],"curies":[{"name":"wp","href":"https:\/\/api.w.org\/{rel}","templated":true}]}}