{"id":10284,"date":"2012-07-03T13:34:43","date_gmt":"2012-07-03T13:34:43","guid":{"rendered":"http:\/\/www.fg.ull.es\/?p=10284"},"modified":"2012-07-03T13:34:43","modified_gmt":"2012-07-03T13:34:43","slug":"formacion-de-posgrado-en-asesoria-fiscal-y-contable-con-los-mejores-profesionales-del-sector-en-canarias","status":"publish","type":"post","link":"https:\/\/fg.ull.es\/hemeroteca\/2012\/07\/03\/formacion-de-posgrado-en-asesoria-fiscal-y-contable-con-los-mejores-profesionales-del-sector-en-canarias\/","title":{"rendered":"Formaci\u00f3n de posgrado en Asesor\u00eda Fiscal y Contable con los mejores profesionales del sector en Canarias"},"content":{"rendered":"<p>El Master Universitario en Asesor\u00eda Fiscal y Contable se lleva realizando durante los \u00faltimos diecisiete a\u00f1os, abordando la pr\u00e1ctica profesional contable y de asesoramiento, incluyendo las particularidades del Sistema Fiscal Canario<\/p>\n<p>El Master Universitario en Asesor&iacute;a Fiscal y Contable ha abierto recientemente su per&iacute;odo de preinscripci&oacute;n para el alumnado que formar&aacute; parte de su diecisieteava edici&oacute;n. Este m&aacute;ster est&aacute; dirigido a estudiantes de &uacute;ltimo a&ntilde;o y egresados de titulaciones como Administraci&oacute;n y Direcci&oacute;n de Empresas (ADE), Empresariales, Contabilidad y Finanzas, Derecho o Econom&iacute;a. Adem&aacute;s, al estar orientado de forma pr&aacute;ctica e incluir las novedades y &uacute;ltimos cambios en materia fiscal y contable, tambi&eacute;n est&aacute; destinado a profesionales en activo que deseen refrescar sus conocimientos y mejorar su desempe&ntilde;o.<\/p>\n<p><a href='http:\/\/preinscripcion.feull.org\/iude'>(Formaliza tu pre-inscripci&oacute;n aqu&iacute;)<\/a><\/p>\n<p>Este M&aacute;ster se plantea para un m&aacute;ximo de 33 alumnos y alumnas y consta de 60 cr&eacute;ditos ECTS. Se desarrollar&aacute; entre octubre de 2012 y septiembre de 2013, los lunes, martes y mi&eacute;rcoles de 18 a 21:45 horas en el Instituto Universitario de la Empresa.<\/p>\n<p>Con esta formaci&oacute;n se pretende dar un tratamiento integral del sistema fiscal, analizando y profundizando en las caracter&iacute;sticas, regulaci&oacute;n y gesti&oacute;n de cada impuesto, as&iacute; como del sistema contable. Todos los elementos a tratar se abordar&aacute;n desde una perspectiva pr&aacute;ctica, a trav&eacute;s de situaciones y casos reales. Al finalizar estos estudios el alumnado estar&aacute; capacitado para dar un tratamiento contable adecuado a la problem&aacute;tica econ&oacute;mica-financiera de la empresa, preparar y analizar los estados contables con la finalidad de suministrar informaci&oacute;n a los diferentes usuarios interesados en conocer la situaci&oacute;n patrimonial y resultados empresariales o analizar el sistema fiscal, abordando las caracter&iacute;sticas y gesti&oacute;n de cada impuesto desde una perspectiva pr&aacute;ctica. Adem&aacute;s, se profundizar&aacute; en el Sistema Fiscal Canario, incluyendo todos aquellos aspectos desarrollados en los &uacute;ltimos a&ntilde;os.<\/p>\n<p>Para ello, se cuenta con un profesorado que combina el conocimiento acad&eacute;mico y el profesional, como, entre otros,&nbsp; Alberto Campo Hernando, Inspector Superior de Tributos de la Comunidad Aut&oacute;noma, Lina Caridad Pulido, Administradora de Tributos Cedidos de la D.G.T. de la Comunidad Aut&oacute;noma o Miguel &Aacute;ngel Navarro Pi&ntilde;ero, Administrador Financiero y Tributario de la Comunidad Aut&oacute;noma de Canarias y Jefe del Servicio Central de Asistencia Tributaria y Coordinaci&oacute;n Normativa.<\/p>\n<p><a href='http:\/\/www.ull.es\/view\/institutos\/iude\/MFC\/es\/True'>(M&aacute;s informaci&oacute;n aqu&iacute;)<\/a><\/p>\n<p>&nbsp;<\/p>\n","protected":false},"excerpt":{"rendered":"<p>El Master Universitario en Asesor\u00eda Fiscal y Contable se lleva realizando durante los \u00faltimos diecisiete a\u00f1os, abordando la pr\u00e1ctica profesional contable y de asesoramiento, incluyendo las particularidades del Sistema Fiscal Canario<\/p>\n","protected":false},"author":36,"featured_media":10283,"comment_status":"closed","ping_status":"open","sticky":false,"template":"","format":"standard","meta":{"footnotes":""},"categories":[5],"tags":[173,425,672,1123],"featured_image_thumbnail_url":"https:\/\/fg.ull.es\/hemeroteca\/wp-content\/uploads\/sites\/14\/2015\/04\/830_ju_mfc-300x130.jpg","_links":{"self":[{"href":"https:\/\/fg.ull.es\/hemeroteca\/wp-json\/wp\/v2\/posts\/10284"}],"collection":[{"href":"https:\/\/fg.ull.es\/hemeroteca\/wp-json\/wp\/v2\/posts"}],"about":[{"href":"https:\/\/fg.ull.es\/hemeroteca\/wp-json\/wp\/v2\/types\/post"}],"author":[{"embeddable":true,"href":"https:\/\/fg.ull.es\/hemeroteca\/wp-json\/wp\/v2\/users\/36"}],"replies":[{"embeddable":true,"href":"https:\/\/fg.ull.es\/hemeroteca\/wp-json\/wp\/v2\/comments?post=10284"}],"version-history":[{"count":0,"href":"https:\/\/fg.ull.es\/hemeroteca\/wp-json\/wp\/v2\/posts\/10284\/revisions"}],"wp:featuredmedia":[{"embeddable":true,"href":"https:\/\/fg.ull.es\/hemeroteca\/wp-json\/wp\/v2\/media\/10283"}],"wp:attachment":[{"href":"https:\/\/fg.ull.es\/hemeroteca\/wp-json\/wp\/v2\/media?parent=10284"}],"wp:term":[{"taxonomy":"category","embeddable":true,"href":"https:\/\/fg.ull.es\/hemeroteca\/wp-json\/wp\/v2\/categories?post=10284"},{"taxonomy":"post_tag","embeddable":true,"href":"https:\/\/fg.ull.es\/hemeroteca\/wp-json\/wp\/v2\/tags?post=10284"}],"curies":[{"name":"wp","href":"https:\/\/api.w.org\/{rel}","templated":true}]}}