{"id":10281,"date":"2012-07-03T11:59:41","date_gmt":"2012-07-03T11:59:41","guid":{"rendered":"http:\/\/www.fg.ull.es\/?p=10281"},"modified":"2012-07-03T11:59:41","modified_gmt":"2012-07-03T11:59:41","slug":"itinera-organiza-el-taller-de-habilidades-para-el-empleo-trabajo-en-equipo","status":"publish","type":"post","link":"https:\/\/fg.ull.es\/hemeroteca\/2012\/07\/03\/itinera-organiza-el-taller-de-habilidades-para-el-empleo-trabajo-en-equipo\/","title":{"rendered":"ITINERA organiza el Taller de Habilidades para el Empleo &#8211; Trabajo en equipo"},"content":{"rendered":"<p>El taller se enmarca dentro del conjunto de acciones formativas de este programa de orientaci\u00f3n laboral. Se celebrar\u00e1 el pr\u00f3ximo 13 de julio y la matr\u00edcula puede realizarse a trav\u00e9s del Portal Servicios de la Fundaci\u00f3n.<\/p>\n<p style='text-align: justify'>El <a href='http:\/\/www.feu.ull.es\/es\/proyecto\/orientacion_laboral_itinera\/3\/'>Servicio de Orientaci&oacute;n Laboral ITINERA<\/a> contin&uacute;a trabajando para fomentar la inserci&oacute;n laboral del alumnado y  el conjunto de profesionales egresados de la Universidad. El proyecto,  gestionado por la Fundaci&oacute;n Empresa Universidad de La Laguna y  financiado por el <a href='http:\/\/www2.gobiernodecanarias.org\/empleo\/portal\/web\/sce'>Servicio Canario de Empleo<\/a>, oferta un paquete de actividades, cuyo objetivo prioritario es preparar para el salto al mundo laboral<\/p>\n<p style='text-align: justify'>Las acciones incluyen un taller de <strong>B&uacute;squeda Activa de Empleo<\/strong> (BAE) que, con una duraci&oacute;n de nueve horas presenciales y una hora online, aporta las <strong>herramientas b&aacute;sicas para enfrentarse al proceso de acceso a un puesto de trabajo<\/strong>. Asimismo, debe realizarse un <strong>Taller de Habilidades para el Empleo<\/strong> (THE), de cinco horas presenciales, as&iacute; como un total de <strong>cinco tutor&iacute;as personalizadas<\/strong> con un miembro del equipo t&eacute;cnico del &Aacute;rea de Empleo, que se encargar&aacute;  del asesoramiento en materia de inserci&oacute;n laboral, de manera <strong>individualizada y ajustada a las caracter&iacute;sticas<\/strong> de quienes participen en estas acciones &nbsp;formativas. En total, se imparte una formaci&oacute;n de <strong>20 horas<\/strong>.<\/p>\n<p style='text-align: justify'>Adem&aacute;s de mejorar sus condiciones de empleabilidad, la realizaci&oacute;n del programa ITINERA te ofrece la posibilidad de obtener una <strong>convalidaci&oacute;n acad&eacute;mica por dos cr&eacute;ditos de libre elecci&oacute;n (<\/strong><strong>2 CLE&acute;s)<\/strong>, en tu correspondiente centro de estudios universitarios.<\/p>\n<p style='text-align: justify'><strong>Oferta de talleres<\/strong><\/p>\n<p style='text-align: justify'>Aprender a aplicar t&eacute;cnicas y estrategias para el trabajo en grupo es el eje sobre el que se trabajar&aacute; en el Taller de Habilidades para la Empleabilidad &#8211; <strong>Trabajo en equipo<\/strong>, que se celebrar&aacute; el pr&oacute;ximo <strong>13 de julio<\/strong> y en el que a&uacute;n puedes inscribirte.<\/p>\n<p style='text-align: justify'><strong>Matr&iacute;cula<\/strong><\/p>\n<p style='text-align: justify'>Para  poder participar en los talleres de habilidades, recibir asesoramiento  personalizado y acudir a las b&uacute;squedas activas de empleo, debes  matricularte en ITINERA, para lo que tendr&aacute;s que estar dado\/a de <strong>alta en el Portal Servicios<\/strong>. Puedes <strong>darte de alta<\/strong> ahora mismo haciendo <a href='https:\/\/servicios.feu.ull.es\/Portal\/NuevoUsuario.aspx'>clic aqu&iacute;<\/a>.<\/p>\n<p style='text-align: justify'>Una vez que est&eacute;s registrado en el Portal Servicios, podr&aacute;s <a href='https:\/\/servicios.feu.ull.es\/Portal\/ExpedienteOfertado.aspx?COD=A11040011'>solicitar una cita en ITINERA<\/a>. Tambi&eacute;n puedes acudir a la secretar&iacute;a de la FEULL y matricularte de<strong> forma presencial.<\/strong><\/p>\n<p style='text-align: justify'>Matric&uacute;late <a href='https:\/\/servicios.feu.ull.es\/Portal\/ExpedienteOfertado.aspx?COD=A11040011'>aqu&iacute;.<\/a><\/p>\n","protected":false},"excerpt":{"rendered":"<p>El taller se enmarca dentro del conjunto de acciones formativas de este programa de orientaci\u00f3n laboral. Se celebrar\u00e1 el pr\u00f3ximo 13 de julio y la matr\u00edcula puede realizarse a trav\u00e9s del Portal Servicios de la Fundaci\u00f3n.<\/p>\n","protected":false},"author":36,"featured_media":10280,"comment_status":"closed","ping_status":"open","sticky":false,"template":"","format":"standard","meta":{"footnotes":""},"categories":[3],"tags":[173,872,1079],"featured_image_thumbnail_url":"https:\/\/fg.ull.es\/hemeroteca\/wp-content\/uploads\/sites\/14\/2015\/04\/829_7g_itinerajpg.jpg","_links":{"self":[{"href":"https:\/\/fg.ull.es\/hemeroteca\/wp-json\/wp\/v2\/posts\/10281"}],"collection":[{"href":"https:\/\/fg.ull.es\/hemeroteca\/wp-json\/wp\/v2\/posts"}],"about":[{"href":"https:\/\/fg.ull.es\/hemeroteca\/wp-json\/wp\/v2\/types\/post"}],"author":[{"embeddable":true,"href":"https:\/\/fg.ull.es\/hemeroteca\/wp-json\/wp\/v2\/users\/36"}],"replies":[{"embeddable":true,"href":"https:\/\/fg.ull.es\/hemeroteca\/wp-json\/wp\/v2\/comments?post=10281"}],"version-history":[{"count":0,"href":"https:\/\/fg.ull.es\/hemeroteca\/wp-json\/wp\/v2\/posts\/10281\/revisions"}],"wp:featuredmedia":[{"embeddable":true,"href":"https:\/\/fg.ull.es\/hemeroteca\/wp-json\/wp\/v2\/media\/10280"}],"wp:attachment":[{"href":"https:\/\/fg.ull.es\/hemeroteca\/wp-json\/wp\/v2\/media?parent=10281"}],"wp:term":[{"taxonomy":"category","embeddable":true,"href":"https:\/\/fg.ull.es\/hemeroteca\/wp-json\/wp\/v2\/categories?post=10281"},{"taxonomy":"post_tag","embeddable":true,"href":"https:\/\/fg.ull.es\/hemeroteca\/wp-json\/wp\/v2\/tags?post=10281"}],"curies":[{"name":"wp","href":"https:\/\/api.w.org\/{rel}","templated":true}]}}