{"id":10278,"date":"2012-06-29T15:27:09","date_gmt":"2012-06-29T15:27:09","guid":{"rendered":"http:\/\/www.fg.ull.es\/?p=10278"},"modified":"2012-06-29T15:27:09","modified_gmt":"2012-06-29T15:27:09","slug":"hoy-comienza-la-escuela-de-verano-para-profesores-motivadores-del-espiritu-emprendedor","status":"publish","type":"post","link":"https:\/\/fg.ull.es\/hemeroteca\/2012\/06\/29\/hoy-comienza-la-escuela-de-verano-para-profesores-motivadores-del-espiritu-emprendedor\/","title":{"rendered":"Hoy comienza la Escuela de Verano para Profesores Motivadores del Esp\u00edritu Emprendedor"},"content":{"rendered":"<p>Se desarrollar\u00e1 entre el 2 y 5 de julio y est\u00e1 impulsada por la Red Espa\u00f1ola para la Motivaci\u00f3n de los Estudiantes Universitarios en Esp\u00edritu Emprendedor (RE4), integrada por cuatro universidades espa\u00f1olas.<\/p>\n<p><strong><em>La jornada inaugural se abrir&aacute; con la intervenci&oacute;n simult&aacute;nea, v&iacute;a streaming, de los rectores de las universidades de Valencia, C&oacute;rdoba, Valladolid y el propio Eduardo Dom&eacute;nech,&nbsp; rector de la ULL<\/em><\/strong><\/p>\n<p>La Universidad de La Laguna, con la colaboraci&oacute;n de su Fundaci&oacute;n Empresa y, en el marco de las acciones ideadas por la Red Espa&ntilde;ola para la Motivaci&oacute;n de los Estudiantes Universitarios en Esp&iacute;ritu Emprendedor (RE4), inaugura el pr&oacute;ximo lunes d&iacute;a 2 de julio la `Escuela de verano para profesores motivadores del esp&iacute;ritu emprendedor&acute;. El acto inaugural tendr&aacute; lugar en el Aula Multimedia de la Facultad de Educaci&oacute;n de la Universidad de La Laguna, situada en el Campus Central, a partir de las 9 horas. Intervendr&aacute;n los rectores de las cuatro universidades participantes, mediante una conexi&oacute;n v&iacute;a <em>streaming<\/em> en tiempo real.<\/p>\n<p>Abrir&aacute; el acto Esteban Morcillo, rector de la Universitat de Val&egrave;ncia, seguido del Subdirector General de Formaci&oacute;n y Movilidad del Profesorado e Innovaci&oacute;n Docent, Alejandro Cremades. A continuaci&oacute;n, se conectar&aacute; con la Universidad de C&oacute;rdoba, con la participaci&oacute;n de su rector, Jos&eacute; Manuel Rold&aacute;n. Llegar&aacute; el turno para la Universidad de La Laguna, con las palabras del rector, Eduardo Domenech. Proseguir&aacute; Marcos Sacrist&aacute;n, rector de la Universidad de Valladolid y cerrar&aacute;n el acto el presidente del Consell Social de la Universitat de Val&egrave;ncia y de la ADEIT (Fundaci&oacute;n Universidad-Empresa de Valencia), Carlos Pascual, y el rector de la instituci&oacute;n acad&eacute;mica valenciana.<\/p>\n<p>A las 10 horas comenzar&aacute; la actividad formativa, con la lecci&oacute;n inaugural a cargo director general de la C&aacute;tedra de Cultura Empresarial, Vicente Ruiz, que, desde Valencia, expondr&aacute; la trayectoria y caracter&iacute;sticas de esta l&iacute;nea formativa que se desarrolla desde 1999 con el objetivo de potenciar y fomentar la docencia y difusi&oacute;n de la cultura empresarial entre la comunidad universitaria.<\/p>\n<p>A Ruiz, le seguir&aacute; Jos&eacute; Mar&iacute;a Peir&oacute; catedr&aacute;tico de Psicolog&iacute;a Social y director del Instituto Universitario de Investigaci&oacute;n en Psicolog&iacute;a de los Recursos Humanos, del Desarrollo Organizacional y de la Calidad de Vida laboral (IDOCAL), as&iacute; como presidente de la International Association of Applied Psychology (IAAP). Peir&oacute; disertar&aacute; sobre `La competencia emprendedora como competencia para afrontar la vida&acute;, cerr&aacute;ndose la jornada con un coloquio entre el ponente y los profesores participantes.<\/p>\n<p>La Escuela de Verano para el profesorado se celebrar&aacute; entre el lunes 2 de julio y el jueves 5 de julio, en La Laguna, en el Aula Multimedia de la Facultad de Educaci&oacute;n, en horario de ma&ntilde;ana. La finalidad de esta formaci&oacute;n es fortalecer la transferencia de la iniciativa y talento emprendedor del colectivo universitario hacia los canales de asesoramiento adecuados e ir introduciendo, de forma transversal, esta perspectiva en el conjunto de la Universidad. Para ello, se dotar&aacute; al profesorado participante de las herramientas necesarias para poder transferir este conocimiento.&nbsp; Con esto tambi&eacute;n se intentar&aacute; implicar a los profesionales y al empresariado para facilitar el aprendizaje de los docentes universitarios.<\/p>\n<p>Los profesores y profesoras que est&eacute;n interesados en participar a&uacute;n pueden formalizar su inscripci&oacute;n de forma telem&aacute;tica. La participaci&oacute;n est&aacute; abierta tanto al profesorado de la Universidad de La Laguna como al de otros centros.<\/p>\n<p><strong>Motivaci&oacute;n emprendedora para el colectivo universitario<\/strong><\/p>\n<p>La Red Espa&ntilde;ola para la Motivaci&oacute;n de los Estudiantes Universitarios en Esp&iacute;ritu Emprendedor (RE4 ha llevado a cabo la ejecuci&oacute;n del proyecto durante este 2012, siendo su objetivo mejorar la empleabilidad de los estudiantes universitarios, fomentando para ello su esp&iacute;ritu emprendedor a trav&eacute;s de la acci&oacute;n de sus profesores. Con este objetivo, durante el verano, se desarrollar&aacute;n escuelas de verano para profesores universitarios motivadores del esp&iacute;ritu emprendedor, en las universidades de Valencia, C&oacute;rdoba, La Laguna y Valladolid.<\/p>\n<p>&nbsp;<\/p>\n","protected":false},"excerpt":{"rendered":"<p>Se desarrollar\u00e1 entre el 2 y 5 de julio y est\u00e1 impulsada por la Red Espa\u00f1ola para la Motivaci\u00f3n de los Estudiantes Universitarios en Esp\u00edritu Emprendedor (RE4), integrada por cuatro universidades espa\u00f1olas.<\/p>\n","protected":false},"author":36,"featured_media":10277,"comment_status":"closed","ping_status":"open","sticky":false,"template":"","format":"standard","meta":{"footnotes":""},"categories":[8],"tags":[173],"featured_image_thumbnail_url":"https:\/\/fg.ull.es\/hemeroteca\/wp-content\/uploads\/sites\/14\/2015\/04\/826_bb_escuela_de_verano_para_el_profesorado_universitariojpg-300x171.jpg","_links":{"self":[{"href":"https:\/\/fg.ull.es\/hemeroteca\/wp-json\/wp\/v2\/posts\/10278"}],"collection":[{"href":"https:\/\/fg.ull.es\/hemeroteca\/wp-json\/wp\/v2\/posts"}],"about":[{"href":"https:\/\/fg.ull.es\/hemeroteca\/wp-json\/wp\/v2\/types\/post"}],"author":[{"embeddable":true,"href":"https:\/\/fg.ull.es\/hemeroteca\/wp-json\/wp\/v2\/users\/36"}],"replies":[{"embeddable":true,"href":"https:\/\/fg.ull.es\/hemeroteca\/wp-json\/wp\/v2\/comments?post=10278"}],"version-history":[{"count":0,"href":"https:\/\/fg.ull.es\/hemeroteca\/wp-json\/wp\/v2\/posts\/10278\/revisions"}],"wp:featuredmedia":[{"embeddable":true,"href":"https:\/\/fg.ull.es\/hemeroteca\/wp-json\/wp\/v2\/media\/10277"}],"wp:attachment":[{"href":"https:\/\/fg.ull.es\/hemeroteca\/wp-json\/wp\/v2\/media?parent=10278"}],"wp:term":[{"taxonomy":"category","embeddable":true,"href":"https:\/\/fg.ull.es\/hemeroteca\/wp-json\/wp\/v2\/categories?post=10278"},{"taxonomy":"post_tag","embeddable":true,"href":"https:\/\/fg.ull.es\/hemeroteca\/wp-json\/wp\/v2\/tags?post=10278"}],"curies":[{"name":"wp","href":"https:\/\/api.w.org\/{rel}","templated":true}]}}