{"id":10266,"date":"2012-06-28T10:45:46","date_gmt":"2012-06-28T10:45:46","guid":{"rendered":"http:\/\/www.fg.ull.es\/?p=10266"},"modified":"2012-06-28T10:45:46","modified_gmt":"2012-06-28T10:45:46","slug":"un-verano-diferente-para-ninos-y-ninas-en-el-summer-campus-del-servicio-de-idiomas-de-la-universidad-de-la-laguna","status":"publish","type":"post","link":"https:\/\/fg.ull.es\/hemeroteca\/2012\/06\/28\/un-verano-diferente-para-ninos-y-ninas-en-el-summer-campus-del-servicio-de-idiomas-de-la-universidad-de-la-laguna\/","title":{"rendered":"Un verano diferente para ni\u00f1os y ni\u00f1as en el &#039;Summer Campus&#039; del Servicio de Idiomas de la Universidad de La Laguna"},"content":{"rendered":"<p>Una oportunidad para aprender idiomas mediante el juego, dirigido a ni\u00f1os y ni\u00f1as de 8 a 12 a\u00f1os. Con descuentos para la comunidad universitaria de la ULL.<\/p>\n<p>El Servicio de Idiomas y la Fundaci&oacute;n Empresa de la Universidad de La Laguna organizan el &#8216;Summer Campus 2012&#8217;, un campamento urbano de verano centrado en el aprendizaje de idiomas y en actividades de fomento de la creatividad.<\/p>\n<p>Se dirige a ni&ntilde;os y ni&ntilde;as con edades comprendidas entre los<strong> 8 y 12 a&ntilde;os<\/strong> y se celebrar&aacute; en <strong>La Laguna y Adeje<\/strong>.<\/p>\n<p>En este campus de verano se fusionar&aacute;n <strong>clases de ingl&eacute;s y alem&aacute;n con talleres de teatro<\/strong> y se intentar&aacute; inculcar el <strong>valor del emprendimiento<\/strong> entre el colectivo infantil, desarrollando el esp&iacute;ritu innovador desde las edades m&aacute;s tempranas.<\/p>\n<p>Las actividades se desarrollar&aacute;n en dos sedes diferentes: <strong>La Laguna<\/strong> las acoger&aacute;, desde el <strong>2 al 31 de julio<\/strong>, de lunes a viernes y entre las 9 y las 14 horas de la tarde, si bien las puertas del recinto estar&aacute;n abiertas desde las 8 de la ma&ntilde;ana, para facilitar la llegada al trabajo de los padres y madres.&nbsp; Con el mismo horario, <strong>Adeje<\/strong> celebrar&aacute; el campus del <strong>1 al 31 de agosto<\/strong>.<\/p>\n<p>El &#8216;Summer Campus 2012&#8217; tiene un coste de 190 euros, para el p&uacute;blico en general, con un descuento para la comunidad universitaria que deber&aacute; abonar 160 euros. Y las familias en las que participen varios hermanos y hermanas contar&aacute;n con mayores descuentos. En el caso de Adeje, por su parte, habr&aacute; descuentos para trabajadores y residentes en el municipio.<\/p>\n<p><a href='..\/..\/public\/docs\/562_f6_horario_y_actividades.pdf' target='_blank' rel=\"noopener noreferrer\">Consulta el horario de actividades<\/a><\/p>\n<p><strong>Un verano de ocio y formaci&oacute;n<\/strong><\/p>\n<p>Para obtener mayor informaci&oacute;n y formalizar la matr&iacute;cula, se puede llamar al tel&eacute;fono 922.31.92.36\/37, o bien, enviar un correo electr&oacute;nico a <a href='mailto:formacion@feull.org'>formacion@feull.org<\/a>. Adem&aacute;s, la Secretar&iacute;a de la Fundaci&oacute;n Empresa permanecer&aacute; abierta, de lunes a viernes, de 9 a 13.30 horas, para atender todas las dudas o registrar las inscripciones, que tambi&eacute;n pueden realizarse a trav&eacute;s del 922.31.92.00 o por <a href='mailto:secretaria@feull.org'>secretaria@feull.org<\/a><\/p>\n<p>Para formalizar la matr&iacute;cula para el Summer Campus en La Laguna, debe rellenar el formulario pinchando <a href='http:\/\/www.summercampus12.feull.org\/formularios\/add' target='_blank' rel=\"noopener noreferrer\">aqu&iacute;.<\/a><\/p>\n<p>&nbsp;<\/p>\n","protected":false},"excerpt":{"rendered":"<p>Una oportunidad para aprender idiomas mediante el juego, dirigido a ni\u00f1os y ni\u00f1as de 8 a 12 a\u00f1os. Con descuentos para la comunidad universitaria de la ULL.<\/p>\n","protected":false},"author":36,"featured_media":10265,"comment_status":"closed","ping_status":"open","sticky":false,"template":"","format":"standard","meta":{"footnotes":""},"categories":[5],"tags":[173,504,780,1286],"featured_image_thumbnail_url":"https:\/\/fg.ull.es\/hemeroteca\/wp-content\/uploads\/sites\/14\/2015\/04\/820_e3_summer_campus_12png-215x300.png","_links":{"self":[{"href":"https:\/\/fg.ull.es\/hemeroteca\/wp-json\/wp\/v2\/posts\/10266"}],"collection":[{"href":"https:\/\/fg.ull.es\/hemeroteca\/wp-json\/wp\/v2\/posts"}],"about":[{"href":"https:\/\/fg.ull.es\/hemeroteca\/wp-json\/wp\/v2\/types\/post"}],"author":[{"embeddable":true,"href":"https:\/\/fg.ull.es\/hemeroteca\/wp-json\/wp\/v2\/users\/36"}],"replies":[{"embeddable":true,"href":"https:\/\/fg.ull.es\/hemeroteca\/wp-json\/wp\/v2\/comments?post=10266"}],"version-history":[{"count":0,"href":"https:\/\/fg.ull.es\/hemeroteca\/wp-json\/wp\/v2\/posts\/10266\/revisions"}],"wp:featuredmedia":[{"embeddable":true,"href":"https:\/\/fg.ull.es\/hemeroteca\/wp-json\/wp\/v2\/media\/10265"}],"wp:attachment":[{"href":"https:\/\/fg.ull.es\/hemeroteca\/wp-json\/wp\/v2\/media?parent=10266"}],"wp:term":[{"taxonomy":"category","embeddable":true,"href":"https:\/\/fg.ull.es\/hemeroteca\/wp-json\/wp\/v2\/categories?post=10266"},{"taxonomy":"post_tag","embeddable":true,"href":"https:\/\/fg.ull.es\/hemeroteca\/wp-json\/wp\/v2\/tags?post=10266"}],"curies":[{"name":"wp","href":"https:\/\/api.w.org\/{rel}","templated":true}]}}