{"id":10241,"date":"2012-07-16T11:26:38","date_gmt":"2012-07-16T11:26:38","guid":{"rendered":"http:\/\/www.fg.ull.es\/?p=10241"},"modified":"2012-07-16T11:26:38","modified_gmt":"2012-07-16T11:26:38","slug":"social-media-gestion-de-contenidos-y-posicionamiento-web-centrara-la-nueva-pildora-informativa-de-emprende-ull-que-se-celebra-esta-tarde","status":"publish","type":"post","link":"https:\/\/fg.ull.es\/hemeroteca\/2012\/07\/16\/social-media-gestion-de-contenidos-y-posicionamiento-web-centrara-la-nueva-pildora-informativa-de-emprende-ull-que-se-celebra-esta-tarde\/","title":{"rendered":"&#039;Social Media, Gesti\u00f3n de contenidos y Posicionamiento web&#039; centrar\u00e1 la nueva p\u00edldora informativa de Emprende.ull, que se celebra esta tarde"},"content":{"rendered":"<p>La actividad, de car\u00e1cter gratuito, se desarrollar\u00e1 en el aula C2.05 de la Facultad de Educaci\u00f3n, de 16.00 a 20.00 horas, de la mano de Jos\u00e9 Frech\u00edn, especialista en comunicaci\u00f3n online<\/p>\n<p style='text-align: left'><a href='http:\/\/emprendeull.ning.com\/'>Emprende.ull <\/a>contin&uacute;a desarrollando su plan de acciones formativas y lo hace, en la tarde de este <strong>lunes 16 de julio,<\/strong> con una nueva p&iacute;ldora informativa. La Facultad de Educaci&oacute;n de la <a href='http:\/\/www.ull.es\/'>Universidad de La Laguna<\/a> acoger&aacute; la ponencia de Jos&eacute; Frech&iacute;n, socio director de M&eacute;triz Canarias que, bajo el tema &#8216;Social Media, Gesti&oacute;n de contenidos y Posicionamiento web&#8217;, intercambiar&aacute; conocimientos, experiencias y opiniones con todos los emprendedores y emprendedoras que se acerquen hasta la instalaci&oacute;n universitaria.<\/p>\n<p style='text-align: justify'>La charla se celebrar&aacute; a partir de las 4 de la tarde y hasta las 8 de la noche, en el aula Aula C2.05 de la Facultad de Educaci&oacute;n.<\/p>\n<p style='text-align: justify'><strong>Una formaci&oacute;n corta, pero intensa<br \/><\/strong><\/p>\n<p style='text-align: justify'>Las p&iacute;ldoras informativas son ponencias de corta duraci&oacute;n y de contenido muy pr&aacute;ctico, desarrolladas con la  intenci&oacute;n de ser muy &uacute;tiles para nuevos y potenciales emprendedores.  Se trata de una actividad formativa de car&aacute;cter gratuito, impartidas, en esta edici&oacute;n, por profesionales especializados  en financiaci&oacute;n y banca, dise&ntilde;o y creaci&oacute;n de imagen corporativa, as&iacute;  como por expertos en comunicaci&oacute;n online.<\/p>\n<p style='text-align: justify'>Pr&oacute;ximamente, se celebrar&aacute; una nueva p&iacute;ldora sobre &#8216;C&oacute;mo negociar de manera efectiva con entidades financieras&#8217; (Carlos  Alberto Gonz&aacute;lez Delgado &#8211; Director de sucursal de Caja 7, durante 11  a&ntilde;os ).<\/p>\n","protected":false},"excerpt":{"rendered":"<p>La actividad, de car\u00e1cter gratuito, se desarrollar\u00e1 en el aula C2.05 de la Facultad de Educaci\u00f3n, de 16.00 a 20.00 horas, de la mano de Jos\u00e9 Frech\u00edn, especialista en comunicaci\u00f3n online<\/p>\n","protected":false},"author":36,"featured_media":10240,"comment_status":"closed","ping_status":"open","sticky":false,"template":"","format":"standard","meta":{"footnotes":""},"categories":[8],"tags":[173,533,541],"featured_image_thumbnail_url":"https:\/\/fg.ull.es\/hemeroteca\/wp-content\/uploads\/sites\/14\/2015\/04\/851_al_img1877-300x225.jpg","_links":{"self":[{"href":"https:\/\/fg.ull.es\/hemeroteca\/wp-json\/wp\/v2\/posts\/10241"}],"collection":[{"href":"https:\/\/fg.ull.es\/hemeroteca\/wp-json\/wp\/v2\/posts"}],"about":[{"href":"https:\/\/fg.ull.es\/hemeroteca\/wp-json\/wp\/v2\/types\/post"}],"author":[{"embeddable":true,"href":"https:\/\/fg.ull.es\/hemeroteca\/wp-json\/wp\/v2\/users\/36"}],"replies":[{"embeddable":true,"href":"https:\/\/fg.ull.es\/hemeroteca\/wp-json\/wp\/v2\/comments?post=10241"}],"version-history":[{"count":0,"href":"https:\/\/fg.ull.es\/hemeroteca\/wp-json\/wp\/v2\/posts\/10241\/revisions"}],"wp:featuredmedia":[{"embeddable":true,"href":"https:\/\/fg.ull.es\/hemeroteca\/wp-json\/wp\/v2\/media\/10240"}],"wp:attachment":[{"href":"https:\/\/fg.ull.es\/hemeroteca\/wp-json\/wp\/v2\/media?parent=10241"}],"wp:term":[{"taxonomy":"category","embeddable":true,"href":"https:\/\/fg.ull.es\/hemeroteca\/wp-json\/wp\/v2\/categories?post=10241"},{"taxonomy":"post_tag","embeddable":true,"href":"https:\/\/fg.ull.es\/hemeroteca\/wp-json\/wp\/v2\/tags?post=10241"}],"curies":[{"name":"wp","href":"https:\/\/api.w.org\/{rel}","templated":true}]}}