{"id":10223,"date":"2012-07-02T15:39:53","date_gmt":"2012-07-02T15:39:53","guid":{"rendered":"http:\/\/www.fg.ull.es\/?p=10223"},"modified":"2012-07-02T15:39:53","modified_gmt":"2012-07-02T15:39:53","slug":"la-ull-y-su-fundacion-se-suman-a-la-apertura-de-la-escuela-de-verano-de-la-red-para-la-motivacion-de-estudiantes-en-emprendeduria","status":"publish","type":"post","link":"https:\/\/fg.ull.es\/hemeroteca\/2012\/07\/02\/la-ull-y-su-fundacion-se-suman-a-la-apertura-de-la-escuela-de-verano-de-la-red-para-la-motivacion-de-estudiantes-en-emprendeduria\/","title":{"rendered":"La ULL y su Fundaci\u00f3n se suman a la apertura de la Escuela de Verano de la Red para la Motivaci\u00f3n de Estudiantes en Emprendedur\u00eda"},"content":{"rendered":"<p>Se inauguraba hoy lunes 2 de julio, junto a las universidades de Valencia, C\u00f3rdoba y Valladolid,  la IV Escuela de Verano de la Red Espa\u00f1ola para la Motivaci\u00f3n de Estudiantes Universitarios en Esp\u00edritu Emprendedor (RE4).<\/p>\n<p>La <a href='http:\/\/www.ull.es\/'>Universidad de La Laguna<\/a> inaugur&oacute; hoy lunes 2 de julio, junto a las  universidades de Valencia, C&oacute;rdoba y Valladolid,&nbsp; la <a href='http:\/\/www.re4.fundecor.es\/'>IV Escuela de  Verano de la Red Espa&ntilde;ola para la Motivaci&oacute;n de Estudiantes  Universitarios en Esp&iacute;ritu Emprendedor (RE4)<\/a>, una iniciativa que  pretende formar a los docentes en actitudes innovadoras que fomenten la  capacidad emprendedora de sus alumnos y la suya propia.<\/p>\n<p>RE4 ha ejecutado este proyecto durante 2012 con el prop&oacute;sito de mejorar  la empleabilidad de los estudiantes universitarios, desarrollando para  ello su esp&iacute;ritu emprendedor a trav&eacute;s de la acci&oacute;n de sus profesores.  Con este objetivo, durante el verano se celebrar&aacute;n escuelas similares a  la de la ULL en Valencia, C&oacute;rdoba y Valladolid.<\/p>\n<p> As&iacute;, los responsables acad&eacute;micos de las universidades organizadoras se  conectaron esta ma&ntilde;ana a primera hora por videoconferencia para celebrar  la ceremonia de apertura de esta actividad, que se extender&aacute; toda la  semana en la ULL. Tras las palabras de bienvenida tuvo lugar la  conferencia inaugural, a cargo de Jos&eacute; M. Peir&oacute;, miembro de la C&aacute;tedra  de Cultura Empresarial de la Universidad de Valencia, quien se&ntilde;al&oacute; que  la cultura emprendedora est&aacute; muy relacionada con la cultura de las  propias organizaciones, y que, en muchos casos, es m&aacute;s dif&iacute;cil  comprender la propia cultura que la ajena.<\/p>\n<p> El experto apunt&oacute; varias definiciones que se acercan al concepto de  emprendedur&iacute;a, entre las que cabe destacar la b&uacute;squeda de oportunidades,  con independencia de los recursos que se tengan, y tambi&eacute;n se&ntilde;al&oacute; que  se trata del proceso de crear algo nuevo que aporte valor.<\/p>\n<p> En un contexto de crisis como el actual, Peir&oacute; defendi&oacute; la necesidad de  emprender casi de forma urgente, visto el escenario de cambio de modelo  productivo y las altas tasas de desempleo. Se pregunt&oacute; tambi&eacute;n si un  profesor universitario funcionario tiene capacidad para lograrlo, a lo  que se respondi&oacute; que s&iacute;, si bien son pocos los que hoy introducen en el  sistema universitario espa&ntilde;ol elementos de la cultura emprendedora.<\/p>\n<p> Desde su punto de vista, resulta crucial que haya m&aacute;s graduados en  competencias emprendedoras que a su vez puedan convertirse en  profesores, lo que enriquecer&iacute;a todo el sistema. Para el profesor de la  Universidad de Valencia, la escasa movilidad del profesorado  universitario y el bajo nivel de internacionalizaci&oacute;n de las  organizaciones no facilita el cambio de modelo.<\/p>\n<p> A ello se suma la propia configuraci&oacute;n de las universidades, prosigue  Peir&oacute;, para quien se trata de entidades de dif&iacute;cil acceso si uno quiere  averiguar qui&eacute;n sabe de un tema o d&oacute;nde se realiza tal actividad. Con  todo, el paso al modelo de educaci&oacute;n superior europeo ha evidenciado un  sinf&iacute;n de oportunidades que deben aprovecharse.<\/p>\n<p> La propia especializaci&oacute;n de los departamentos o la flexibilidad que  ofrece el nuevo sistema educativo para adaptarse y corregir errores son  claras ventajas, seg&uacute;n el experto, que pueden favorecer la cultura  emprendedora. Con todo, el profesor consider&oacute; que hay que adoptar una  actitud de an&aacute;lisis estrat&eacute;gico, es decir, escrutar el entorno para  buscar actividades emprendedoras.<\/p>\n<p>*Nota cedida Gabinete de Prensa ULL<\/p>\n","protected":false},"excerpt":{"rendered":"<p>Se inauguraba hoy lunes 2 de julio, junto a las universidades de Valencia, C\u00f3rdoba y Valladolid,  la IV Escuela de Verano de la Red Espa\u00f1ola para la Motivaci\u00f3n de Estudiantes Universitarios en Esp\u00edritu Emprendedor (RE4).<\/p>\n","protected":false},"author":36,"featured_media":10222,"comment_status":"closed","ping_status":"open","sticky":false,"template":"","format":"standard","meta":{"footnotes":""},"categories":[8],"tags":[173,541,548,1424],"featured_image_thumbnail_url":"https:\/\/fg.ull.es\/hemeroteca\/wp-content\/uploads\/sites\/14\/2015\/04\/828_rp_curso_videoconferencia_03-300x200.jpg","_links":{"self":[{"href":"https:\/\/fg.ull.es\/hemeroteca\/wp-json\/wp\/v2\/posts\/10223"}],"collection":[{"href":"https:\/\/fg.ull.es\/hemeroteca\/wp-json\/wp\/v2\/posts"}],"about":[{"href":"https:\/\/fg.ull.es\/hemeroteca\/wp-json\/wp\/v2\/types\/post"}],"author":[{"embeddable":true,"href":"https:\/\/fg.ull.es\/hemeroteca\/wp-json\/wp\/v2\/users\/36"}],"replies":[{"embeddable":true,"href":"https:\/\/fg.ull.es\/hemeroteca\/wp-json\/wp\/v2\/comments?post=10223"}],"version-history":[{"count":0,"href":"https:\/\/fg.ull.es\/hemeroteca\/wp-json\/wp\/v2\/posts\/10223\/revisions"}],"wp:featuredmedia":[{"embeddable":true,"href":"https:\/\/fg.ull.es\/hemeroteca\/wp-json\/wp\/v2\/media\/10222"}],"wp:attachment":[{"href":"https:\/\/fg.ull.es\/hemeroteca\/wp-json\/wp\/v2\/media?parent=10223"}],"wp:term":[{"taxonomy":"category","embeddable":true,"href":"https:\/\/fg.ull.es\/hemeroteca\/wp-json\/wp\/v2\/categories?post=10223"},{"taxonomy":"post_tag","embeddable":true,"href":"https:\/\/fg.ull.es\/hemeroteca\/wp-json\/wp\/v2\/tags?post=10223"}],"curies":[{"name":"wp","href":"https:\/\/api.w.org\/{rel}","templated":true}]}}