{"id":10143,"date":"2012-07-09T13:27:55","date_gmt":"2012-07-09T13:27:55","guid":{"rendered":"http:\/\/www.fg.ull.es\/?p=10143"},"modified":"2012-07-09T13:27:55","modified_gmt":"2012-07-09T13:27:55","slug":"el-summer-campus-del-servicio-de-idiomas-llega-a-adeje-en-agosto","status":"publish","type":"post","link":"https:\/\/fg.ull.es\/hemeroteca\/2012\/07\/09\/el-summer-campus-del-servicio-de-idiomas-llega-a-adeje-en-agosto\/","title":{"rendered":"El Summer Campus del Servicio de Idiomas llega a Adeje en agosto"},"content":{"rendered":"<p>Este campamento urbano para ni\u00f1os y ni\u00f1as de 7 a 12 a\u00f1os se desarrollar\u00e1 desde el 1 de agosto con actividades centradas en el aprendizaje de idiomas y la creatividad.<\/p>\n<p>El Servicio de Idiomas y la Fundaci&oacute;n Empresa de la <a href='http:\/\/www.ull.es\/'>Universidad de La Laguna<\/a> trasladar&aacute;n la experiencia del &#8216;Summer Campus 12&#8217; a la localidad de Adeje, donde desde hace ya varios meses, se han comenzado experiencias de colaboraci&oacute;n con el Servicio de Idiomas.<\/p>\n<p>Esta iniciativa pretende formar y divertir a los ni&ntilde;os y ni&ntilde;as, con edades comprendidas entre los <strong>7 y 12 a&ntilde;os<\/strong>, que se celebrar&aacute; <strong>durante este mes de julio en La Laguna<\/strong>. &nbsp;<\/p>\n<p>En el &#8216;Summer Campus 12&#8217; se fusionar&aacute;n clases de ingl&eacute;s y alem&aacute;n con talleres de teatro,&nbsp; tambi&eacute;n se intentar&aacute; inculcar el valor del emprendimiento entre el colectivo infantil, desarrollando el esp&iacute;ritu innovador desde las edades m&aacute;s tempranas. El campamento se iniciar&aacute; a principios de agosto, de <strong>lunes a viernes<\/strong> y entre las <strong>9.00 y las 14.00 horas de la tarde<\/strong>, si bien las puertas del recinto estar&aacute;n abiertas desde las 8.00 de la ma&ntilde;ana.&nbsp;<\/p>\n<p>El &#8216;Summer Campus 12&#8217;, para inscripciones del <strong>mes completo, tiene un coste de 210 euros<\/strong>, para el p&uacute;blico en general, mientras que <strong>la comunidad universitaria y las personas residentes en el municipio de Adeje deber&aacute;n abonar 175 euros<\/strong>. La principal ventaja la disfrutar&aacute;n<strong> las familias en las que participen varios hermanos y hermanas, que contar&aacute;n con mayores descuentos<\/strong>.<\/p>\n<p>Adem&aacute;s, tambi&eacute;n es posible realizar la <strong>matr&iacute;cula de manera exclusiva para una sola quincena del mes<\/strong>, adapt&aacute;ndose, as&iacute;, a las necesidades de cada familia. De esta manera, participar durante <strong>15 d&iacute;as en el campus tiene un precio de 126 euros<\/strong>, mientras que para la<strong> comunidad universitaria ser&aacute; de 105<\/strong>, a lo que se podr&iacute;a a&ntilde;adir el <strong>descuento del 20% para hermanos<\/strong>.<\/p>\n<p>Si desean inscribirse pueden hacerlo <a href='http:\/\/adejesummer12.feull.org\/formularios\/add'>aqu&iacute;<\/a>.<\/p>\n<p>Para obtener <strong>mayor informaci&oacute;n y formalizar la matr&iacute;cula<\/strong>, <strong>para ambas ediciones<\/strong>, se puede llamar al tel&eacute;fono 922.31.92.36\/37, o bien, enviar un correo electr&oacute;nico a <a href='mailto:formacion@feull.org'>formacion@feull.org<\/a>. Adem&aacute;s, la Secretar&iacute;a de la Fundaci&oacute;n Empresa permanecer&aacute; abierta, de lunes a viernes, de 9.00 a 13.30, para atender todas las dudas o registrar las inscripciones, que tambi&eacute;n pueden realizarse a trav&eacute;s del 922.31.92.00 o e la direcci&oacute;n mail <a href='mailto:secretaria@feull.org'>secretaria@feull.org<\/a><\/p>\n","protected":false},"excerpt":{"rendered":"<p>Este campamento urbano para ni\u00f1os y ni\u00f1as de 7 a 12 a\u00f1os se desarrollar\u00e1 desde el 1 de agosto con actividades centradas en el aprendizaje de idiomas y la creatividad.<\/p>\n","protected":false},"author":36,"featured_media":10142,"comment_status":"closed","ping_status":"open","sticky":false,"template":"","format":"standard","meta":{"footnotes":""},"categories":[5],"tags":[173,410,672,780,1286],"featured_image_thumbnail_url":"https:\/\/fg.ull.es\/hemeroteca\/wp-content\/uploads\/sites\/14\/2015\/04\/837_gs_adeje_summer-212x300.jpg","_links":{"self":[{"href":"https:\/\/fg.ull.es\/hemeroteca\/wp-json\/wp\/v2\/posts\/10143"}],"collection":[{"href":"https:\/\/fg.ull.es\/hemeroteca\/wp-json\/wp\/v2\/posts"}],"about":[{"href":"https:\/\/fg.ull.es\/hemeroteca\/wp-json\/wp\/v2\/types\/post"}],"author":[{"embeddable":true,"href":"https:\/\/fg.ull.es\/hemeroteca\/wp-json\/wp\/v2\/users\/36"}],"replies":[{"embeddable":true,"href":"https:\/\/fg.ull.es\/hemeroteca\/wp-json\/wp\/v2\/comments?post=10143"}],"version-history":[{"count":0,"href":"https:\/\/fg.ull.es\/hemeroteca\/wp-json\/wp\/v2\/posts\/10143\/revisions"}],"wp:featuredmedia":[{"embeddable":true,"href":"https:\/\/fg.ull.es\/hemeroteca\/wp-json\/wp\/v2\/media\/10142"}],"wp:attachment":[{"href":"https:\/\/fg.ull.es\/hemeroteca\/wp-json\/wp\/v2\/media?parent=10143"}],"wp:term":[{"taxonomy":"category","embeddable":true,"href":"https:\/\/fg.ull.es\/hemeroteca\/wp-json\/wp\/v2\/categories?post=10143"},{"taxonomy":"post_tag","embeddable":true,"href":"https:\/\/fg.ull.es\/hemeroteca\/wp-json\/wp\/v2\/tags?post=10143"}],"curies":[{"name":"wp","href":"https:\/\/api.w.org\/{rel}","templated":true}]}}